{"id":220652,"date":"2024-01-18T19:26:50","date_gmt":"2024-01-18T22:26:50","guid":{"rendered":"https:\/\/diarioregionaldigital.com.br\/?p=220652"},"modified":"2024-01-18T19:26:50","modified_gmt":"2024-01-18T22:26:50","slug":"brilha-jf-implantacao-de-luminarias-led-avanca-no-bairro-bandeirantes","status":"publish","type":"post","link":"https:\/\/diarioregionaldigital.com.br\/?p=220652","title":{"rendered":"Brilha JF: Implanta\u00e7\u00e3o de lumin\u00e1rias LED avan\u00e7a no bairro Bandeirantes"},"content":{"rendered":"<p>Segundo informa\u00e7\u00f5es do site da Prefeitura de Juiz de Fora (PJF), a PJF segue iluminando os caminhos da cidade. As equipes de ilumina\u00e7\u00e3o da Empresa Municipal de Pavimenta\u00e7\u00e3o e Urbanidades (Empav) est\u00e3o instalando lumin\u00e1rias LED em v\u00e1rios pontos do munic\u00edpio. No bairro Bandeirantes a diferen\u00e7a entre as vias que j\u00e1 receberam o LED e as que ainda contam com l\u00e2mpadas convencionais chama a aten\u00e7\u00e3o. A previs\u00e3o \u00e9 que o servi\u00e7o por l\u00e1 seja conclu\u00eddo at\u00e9 o fim da pr\u00f3xima semana.<\/p>\n<div id=\"box_texto_noticia\">\n<p>&nbsp;<\/p>\n<p>Al\u00e9m do Bandeirantes, o programa Brilha JF continua atuando em outros bairros, como Granjas Beth\u00e2nia e Grama com a implanta\u00e7\u00e3o das novas lumin\u00e1rias, que s\u00e3o mais eficientes e econ\u00f4micas que o antigo sistema. Apenas no ano passado, cerca de 40 mil lumin\u00e1rias LED foram instaladas pela Empav.<br \/>\nVale destacar que as manuten\u00e7\u00f5es e substitui\u00e7\u00f5es de l\u00e2mpadas queimadas seguem sendo realizadas.\u00a0As a\u00e7\u00f5es permanecem em andamento na cidade e a programa\u00e7\u00e3o di\u00e1ria completa pode ser conferida na p\u00e1gina do Gabinete de A\u00e7\u00e3o e Di\u00e1logo Comunit\u00e1rio atrav\u00e9s do<a href=\"https:\/\/www.pjf.mg.gov.br\/gabinetecomunitario\/#onde\">\u00a0<strong>link<\/strong><\/a>.<\/div>\n<p>&nbsp;<\/p>\n<div id=\"box_compartilhar\" align=\"right\"><\/div>\n","protected":false},"excerpt":{"rendered":"<p>Segundo informa\u00e7\u00f5es do site da Prefeitura de Juiz de Fora (PJF), a PJF segue iluminando os caminhos da cidade. As equipes de ilumina\u00e7\u00e3o da Empresa Municipal de Pavimenta\u00e7\u00e3o e Urbanidades (Empav) est\u00e3o instalando lumin\u00e1rias LED em v\u00e1rios pontos do munic\u00edpio. No bairro Bandeirantes a diferen\u00e7a entre as vias que j\u00e1 receberam o LED e as [&hellip;]<\/p>\n","protected":false},"author":246,"featured_media":220653,"comment_status":"closed","ping_status":"closed","sticky":false,"template":"","format":"standard","meta":{"footnotes":""},"categories":[253,436,439],"tags":[],"class_list":["post-220652","post","type-post","status-publish","format-standard","has-post-thumbnail","hentry","category-cidade","category-destaque-da-semana","category-ultima-hora"],"_links":{"self":[{"href":"https:\/\/diarioregionaldigital.com.br\/index.php?rest_route=\/wp\/v2\/posts\/220652","targetHints":{"allow":["GET"]}}],"collection":[{"href":"https:\/\/diarioregionaldigital.com.br\/index.php?rest_route=\/wp\/v2\/posts"}],"about":[{"href":"https:\/\/diarioregionaldigital.com.br\/index.php?rest_route=\/wp\/v2\/types\/post"}],"author":[{"embeddable":true,"href":"https:\/\/diarioregionaldigital.com.br\/index.php?rest_route=\/wp\/v2\/users\/246"}],"replies":[{"embeddable":true,"href":"https:\/\/diarioregionaldigital.com.br\/index.php?rest_route=%2Fwp%2Fv2%2Fcomments&post=220652"}],"version-history":[{"count":1,"href":"https:\/\/diarioregionaldigital.com.br\/index.php?rest_route=\/wp\/v2\/posts\/220652\/revisions"}],"predecessor-version":[{"id":220654,"href":"https:\/\/diarioregionaldigital.com.br\/index.php?rest_route=\/wp\/v2\/posts\/220652\/revisions\/220654"}],"wp:featuredmedia":[{"embeddable":true,"href":"https:\/\/diarioregionaldigital.com.br\/index.php?rest_route=\/wp\/v2\/media\/220653"}],"wp:attachment":[{"href":"https:\/\/diarioregionaldigital.com.br\/index.php?rest_route=%2Fwp%2Fv2%2Fmedia&parent=220652"}],"wp:term":[{"taxonomy":"category","embeddable":true,"href":"https:\/\/diarioregionaldigital.com.br\/index.php?rest_route=%2Fwp%2Fv2%2Fcategories&post=220652"},{"taxonomy":"post_tag","embeddable":true,"href":"https:\/\/diarioregionaldigital.com.br\/index.php?rest_route=%2Fwp%2Fv2%2Ftags&post=220652"}],"curies":[{"name":"wp","href":"https:\/\/api.w.org\/{rel}","templated":true}]}}