{"id":220646,"date":"2024-01-18T19:16:24","date_gmt":"2024-01-18T22:16:24","guid":{"rendered":"https:\/\/diarioregionaldigital.com.br\/?p=220646"},"modified":"2024-01-18T19:16:24","modified_gmt":"2024-01-18T22:16:24","slug":"flamengo-estreia-com-goleada-no-campeonato-carioca","status":"publish","type":"post","link":"https:\/\/diarioregionaldigital.com.br\/?p=220646","title":{"rendered":"Flamengo estreia com goleada no Campeonato Carioca"},"content":{"rendered":"<p>O Flamengo n\u00e3o encontrou dificuldades para golear o Audax por 4 a 0, na noite desta quarta-feira (17) na Arena da Amaz\u00f4nia, em Manaus, na partida que marcou a sua estreia no Campeonato Carioca. A\u00a0<strong>R\u00e1dio Nacional<\/strong>\u00a0transmitiu o jogo ao vivo.<img decoding=\"async\" src=\"https:\/\/agenciabrasil.ebc.com.br\/ebc.png?id=1576782&amp;o=node\" \/><img decoding=\"async\" src=\"https:\/\/agenciabrasil.ebc.com.br\/ebc.gif?id=1576782&amp;o=node\" \/><\/p>\n<p>Apoiado por mais de 40 mil torcedores presentes ao est\u00e1dio, o Rubro-Negro n\u00e3o demorou a abrir o marcador. Logo no segundo minuto do primeiro tempo Arrascaeta cobrou escanteio e L\u00e9o Pereira marcou de cabe\u00e7a. Aos 37 Pedro deixou o seu, com um toque de calcanhar ap\u00f3s cruzamento rasteiro de Gerson.<\/p>\n<p>Mas a equipe do t\u00e9cnico Tite queria mais, e conseguiu ampliar antes do intervalo. Aos 41 minutos Everton Cebolinha aproveitou sobra de bola para bater por baixo do goleiro Leandro. E o lateral Varela deu n\u00fameros finais ao marcador com um forte chute de fora da \u00e1rea.<\/p>\n<p>Agora os principais jogadores do Rubro-Negro seguem para os Estados Unidos, onde disputar\u00e3o duas partidas amistosas. Enquanto isso, uma equipe alternativa disputar\u00e1 os pr\u00f3ximos jogos do Carioca.<\/p>\n<h2>Estreia do Fog\u00e3o<\/h2>\n<p>Quem tamb\u00e9m venceu pela competi\u00e7\u00e3o foi o Botafogo, mas por 1 a 0 no est\u00e1dio Nilton Santos. E a vit\u00f3ria foi garantida pelo atacante Jeffinho, que reestreava na equipe.<\/p>\n<p>Fonte: Ag\u00eancia Brasil<\/p>\n","protected":false},"excerpt":{"rendered":"<p>O Flamengo n\u00e3o encontrou dificuldades para golear o Audax por 4 a 0, na noite desta quarta-feira (17) na Arena da Amaz\u00f4nia, em Manaus, na partida que marcou a sua estreia no Campeonato Carioca. A\u00a0R\u00e1dio Nacional\u00a0transmitiu o jogo ao vivo. Apoiado por mais de 40 mil torcedores presentes ao est\u00e1dio, o Rubro-Negro n\u00e3o demorou a [&hellip;]<\/p>\n","protected":false},"author":246,"featured_media":220647,"comment_status":"closed","ping_status":"closed","sticky":false,"template":"","format":"standard","meta":{"footnotes":""},"categories":[436,257,439],"tags":[],"class_list":["post-220646","post","type-post","status-publish","format-standard","has-post-thumbnail","hentry","category-destaque-da-semana","category-esporte","category-ultima-hora"],"_links":{"self":[{"href":"https:\/\/diarioregionaldigital.com.br\/index.php?rest_route=\/wp\/v2\/posts\/220646","targetHints":{"allow":["GET"]}}],"collection":[{"href":"https:\/\/diarioregionaldigital.com.br\/index.php?rest_route=\/wp\/v2\/posts"}],"about":[{"href":"https:\/\/diarioregionaldigital.com.br\/index.php?rest_route=\/wp\/v2\/types\/post"}],"author":[{"embeddable":true,"href":"https:\/\/diarioregionaldigital.com.br\/index.php?rest_route=\/wp\/v2\/users\/246"}],"replies":[{"embeddable":true,"href":"https:\/\/diarioregionaldigital.com.br\/index.php?rest_route=%2Fwp%2Fv2%2Fcomments&post=220646"}],"version-history":[{"count":1,"href":"https:\/\/diarioregionaldigital.com.br\/index.php?rest_route=\/wp\/v2\/posts\/220646\/revisions"}],"predecessor-version":[{"id":220648,"href":"https:\/\/diarioregionaldigital.com.br\/index.php?rest_route=\/wp\/v2\/posts\/220646\/revisions\/220648"}],"wp:featuredmedia":[{"embeddable":true,"href":"https:\/\/diarioregionaldigital.com.br\/index.php?rest_route=\/wp\/v2\/media\/220647"}],"wp:attachment":[{"href":"https:\/\/diarioregionaldigital.com.br\/index.php?rest_route=%2Fwp%2Fv2%2Fmedia&parent=220646"}],"wp:term":[{"taxonomy":"category","embeddable":true,"href":"https:\/\/diarioregionaldigital.com.br\/index.php?rest_route=%2Fwp%2Fv2%2Fcategories&post=220646"},{"taxonomy":"post_tag","embeddable":true,"href":"https:\/\/diarioregionaldigital.com.br\/index.php?rest_route=%2Fwp%2Fv2%2Ftags&post=220646"}],"curies":[{"name":"wp","href":"https:\/\/api.w.org\/{rel}","templated":true}]}}