{"id":220636,"date":"2024-01-18T19:08:22","date_gmt":"2024-01-18T22:08:22","guid":{"rendered":"https:\/\/diarioregionaldigital.com.br\/?p=220636"},"modified":"2024-01-18T19:08:22","modified_gmt":"2024-01-18T22:08:22","slug":"mpf-abre-inquerito-contra-rede-social-kwai-por-conteudo-falso","status":"publish","type":"post","link":"https:\/\/diarioregionaldigital.com.br\/?p=220636","title":{"rendered":"MPF abre inqu\u00e9rito contra rede social Kwai por conte\u00fado falso"},"content":{"rendered":"<p>O Minist\u00e9rio P\u00fablico Federal (MPF) informou nesta quinta-feira (18) ter instaurado um inqu\u00e9rito civil p\u00fablico para investigar a conduta da rede social Kwai, no Brasil. A suspeita \u00e9 que a plataforma, de origem chinesa, esteja promovendo conte\u00fados e perfis falsos para gerar maior engajamento.<img decoding=\"async\" src=\"https:\/\/agenciabrasil.ebc.com.br\/ebc.png?id=1576867&amp;o=node\" \/><img decoding=\"async\" src=\"https:\/\/agenciabrasil.ebc.com.br\/ebc.gif?id=1576867&amp;o=node\" \/><\/p>\n<p>\u201cH\u00e1 ind\u00edcios de que postagens na rede com informa\u00e7\u00f5es inver\u00eddicas e apelativas sejam produzidas n\u00e3o por usu\u00e1rios regulares do Kwai, mas pela pr\u00f3pria plataforma \u2013 diretamente ou por meio de empresas de publicidade por ela contratadas, sem qualquer identifica\u00e7\u00e3o de sua origem\u201d, disse o MPF, em nota.<\/p>\n<p>O inqu\u00e9rito foi aberto com base em den\u00fancia an\u00f4nima recebida pelo \u00f3rg\u00e3o e tamb\u00e9m ap\u00f3s not\u00edcias sobre a estrat\u00e9gia da plataforma.<\/p>\n<p>Segundo o MPF, a investiga\u00e7\u00e3o ter\u00e1 tr\u00eas frentes: a suposta cria\u00e7\u00e3o de perfis falsos de \u00f3rg\u00e3os e autoridades p\u00fablicas brasileiras no Kwai, como se fossem p\u00e1ginas oficiais; a produ\u00e7\u00e3o e circula\u00e7\u00e3o de not\u00edcias falsas na rede social, sobretudo durante a elei\u00e7\u00e3o de 2022, com a finalidade de aumentar audi\u00eancia; e a veicula\u00e7\u00e3o de v\u00eddeos contendo atos de viol\u00eancia contra mulheres e exposi\u00e7\u00e3o indevida de crian\u00e7as e adolescentes.<\/p>\n<p>A empresa Joyo Tecnologia Brasil, respons\u00e1vel pelo Kwai no pa\u00eds, e empresas de publicidade que prestam servi\u00e7os \u00e0 plataforma foram oficiadas para prestar esclarecimentos e preservar materiais relevantes para a investiga\u00e7\u00e3o, como documentos, grava\u00e7\u00f5es, v\u00eddeos e outros.<\/p>\n<p>\u00c9 a primeira vez que uma plataforma de rede social \u00e9 investigada n\u00e3o por intermediar conte\u00fados falsos, mas por produzi-los diretamente. A respons\u00e1vel pela investiga\u00e7\u00e3o \u00e9 a Procuradoria Regional dos Direitos do Cidad\u00e3o de S\u00e3o Paulo, que j\u00e1 conduz apura\u00e7\u00f5es sobre outras sete plataformas por supostas omiss\u00f5es no combate \u00e0 desinforma\u00e7\u00e3o e \u00e0 viol\u00eancia digital.<\/p>\n<p>A\u00a0<strong>Ag\u00eancia Brasil<\/strong>\u00a0tenta contato com a Joyo Tecnologia Brasil para que se manifeste.<\/p>\n<p>Fonte: Ag\u00eancia Brasil<\/p>\n","protected":false},"excerpt":{"rendered":"<p>O Minist\u00e9rio P\u00fablico Federal (MPF) informou nesta quinta-feira (18) ter instaurado um inqu\u00e9rito civil p\u00fablico para investigar a conduta da rede social Kwai, no Brasil. A suspeita \u00e9 que a plataforma, de origem chinesa, esteja promovendo conte\u00fados e perfis falsos para gerar maior engajamento. \u201cH\u00e1 ind\u00edcios de que postagens na rede com informa\u00e7\u00f5es inver\u00eddicas e [&hellip;]<\/p>\n","protected":false},"author":246,"featured_media":220637,"comment_status":"closed","ping_status":"closed","sticky":false,"template":"","format":"standard","meta":{"footnotes":""},"categories":[436,254,439],"tags":[],"class_list":["post-220636","post","type-post","status-publish","format-standard","has-post-thumbnail","hentry","category-destaque-da-semana","category-politica","category-ultima-hora"],"_links":{"self":[{"href":"https:\/\/diarioregionaldigital.com.br\/index.php?rest_route=\/wp\/v2\/posts\/220636","targetHints":{"allow":["GET"]}}],"collection":[{"href":"https:\/\/diarioregionaldigital.com.br\/index.php?rest_route=\/wp\/v2\/posts"}],"about":[{"href":"https:\/\/diarioregionaldigital.com.br\/index.php?rest_route=\/wp\/v2\/types\/post"}],"author":[{"embeddable":true,"href":"https:\/\/diarioregionaldigital.com.br\/index.php?rest_route=\/wp\/v2\/users\/246"}],"replies":[{"embeddable":true,"href":"https:\/\/diarioregionaldigital.com.br\/index.php?rest_route=%2Fwp%2Fv2%2Fcomments&post=220636"}],"version-history":[{"count":2,"href":"https:\/\/diarioregionaldigital.com.br\/index.php?rest_route=\/wp\/v2\/posts\/220636\/revisions"}],"predecessor-version":[{"id":220639,"href":"https:\/\/diarioregionaldigital.com.br\/index.php?rest_route=\/wp\/v2\/posts\/220636\/revisions\/220639"}],"wp:featuredmedia":[{"embeddable":true,"href":"https:\/\/diarioregionaldigital.com.br\/index.php?rest_route=\/wp\/v2\/media\/220637"}],"wp:attachment":[{"href":"https:\/\/diarioregionaldigital.com.br\/index.php?rest_route=%2Fwp%2Fv2%2Fmedia&parent=220636"}],"wp:term":[{"taxonomy":"category","embeddable":true,"href":"https:\/\/diarioregionaldigital.com.br\/index.php?rest_route=%2Fwp%2Fv2%2Fcategories&post=220636"},{"taxonomy":"post_tag","embeddable":true,"href":"https:\/\/diarioregionaldigital.com.br\/index.php?rest_route=%2Fwp%2Fv2%2Ftags&post=220636"}],"curies":[{"name":"wp","href":"https:\/\/api.w.org\/{rel}","templated":true}]}}