{"id":220615,"date":"2024-01-17T19:42:23","date_gmt":"2024-01-17T22:42:23","guid":{"rendered":"https:\/\/diarioregionaldigital.com.br\/?p=220615"},"modified":"2024-01-17T19:42:23","modified_gmt":"2024-01-17T22:42:23","slug":"santa-luzia-e-outros-22-bairros-sao-atendidos-com-a-operacao-tapa-buracos-nesta-terca-feira-16","status":"publish","type":"post","link":"https:\/\/diarioregionaldigital.com.br\/?p=220615","title":{"rendered":"Santa Luzia e outros 22 bairros s\u00e3o atendidos com a opera\u00e7\u00e3o tapa-buracos nesta ter\u00e7a-feira, 16"},"content":{"rendered":"<p>Segundo informa\u00e7\u00f5es do site da Prefeitura de Juiz de Fora (PJF), a PJF segue com o compromisso de melhorar os caminhos da cidade. As equipes da Empresa Municipal de Pavimenta\u00e7\u00e3o e Urbanidades (Empav) estiveram em 23 bairros diferentes com a opera\u00e7\u00e3o tapa-buracos nesta ter\u00e7a-feira, 16.<\/p>\n<p>Dentre as vias atendidas, destaque para as avenidas Paulo Botti, no Aeroporto, Ibitiguaia, em Santa Luzia, Presidente Costa e Silva, no S\u00e3o Pedro, e Presidente Juscelino Kubitschek, no Nova Era.<\/p>\n<p><strong>Confira a lista completa de bairros atendidos:<\/strong><\/p>\n<p>Aeroporto<\/p>\n<p>Bela Aurora<\/p>\n<p>Bom Clima<\/p>\n<p>Centro<\/p>\n<p>Cidade do Sol<\/p>\n<p>Francisco Bernardino<\/p>\n<p>Granjas Bet\u00e2nia<\/p>\n<p>Humait\u00e1<\/p>\n<p>Ipiranga<\/p>\n<p>J\u00f3quei Clube<\/p>\n<p>Morro da Gl\u00f3ria<\/p>\n<p>Morro do Serro<\/p>\n<p>Nova Era<\/p>\n<p>Remonta<\/p>\n<p>Sagrado Cora\u00e7\u00e3o<\/p>\n<p>Santa C\u00e2ndida<\/p>\n<p>Santa L\u00facia<\/p>\n<p>Santa Luzia<\/p>\n<p>Santa Terezinha<\/p>\n<p>Santo Agostinho<\/p>\n<p>Santos Anjos<\/p>\n<p>S\u00e3o Dami\u00e3o<\/p>\n<p>S\u00e3o Mateus<\/p>\n<p>Os trabalhos seguem em andamento na cidade e a programa\u00e7\u00e3o di\u00e1ria completa pode ser conferida na p\u00e1gina do Gabinete de A\u00e7\u00e3o e Di\u00e1logo Comunit\u00e1rio atrav\u00e9s do\u00a0<a href=\"https:\/\/www.pjf.mg.gov.br\/gabinetecomunitario\/#onde\"><strong>link.<\/strong><\/a>\u00a0Para solicitar servi\u00e7os de zeladoria em vias p\u00fablicas, como tapa-buracos, poda e corte de \u00e1rvores, limpeza de pra\u00e7as, trocas de l\u00e2mpada e outros, entre em contato com o Gabinete de A\u00e7\u00e3o e Di\u00e1logo Comunit\u00e1rio, atrav\u00e9s do telefone (32) 3690-7241 (liga\u00e7\u00e3o ou WhatsApp).<\/p>\n<p>&nbsp;<\/p>\n<div id=\"box_compartilhar\" align=\"right\"><\/div>\n","protected":false},"excerpt":{"rendered":"<p>Segundo informa\u00e7\u00f5es do site da Prefeitura de Juiz de Fora (PJF), a PJF segue com o compromisso de melhorar os caminhos da cidade. As equipes da Empresa Municipal de Pavimenta\u00e7\u00e3o e Urbanidades (Empav) estiveram em 23 bairros diferentes com a opera\u00e7\u00e3o tapa-buracos nesta ter\u00e7a-feira, 16. Dentre as vias atendidas, destaque para as avenidas Paulo Botti, [&hellip;]<\/p>\n","protected":false},"author":246,"featured_media":220616,"comment_status":"closed","ping_status":"closed","sticky":false,"template":"","format":"standard","meta":{"footnotes":""},"categories":[253,436,439],"tags":[],"class_list":["post-220615","post","type-post","status-publish","format-standard","has-post-thumbnail","hentry","category-cidade","category-destaque-da-semana","category-ultima-hora"],"_links":{"self":[{"href":"https:\/\/diarioregionaldigital.com.br\/index.php?rest_route=\/wp\/v2\/posts\/220615","targetHints":{"allow":["GET"]}}],"collection":[{"href":"https:\/\/diarioregionaldigital.com.br\/index.php?rest_route=\/wp\/v2\/posts"}],"about":[{"href":"https:\/\/diarioregionaldigital.com.br\/index.php?rest_route=\/wp\/v2\/types\/post"}],"author":[{"embeddable":true,"href":"https:\/\/diarioregionaldigital.com.br\/index.php?rest_route=\/wp\/v2\/users\/246"}],"replies":[{"embeddable":true,"href":"https:\/\/diarioregionaldigital.com.br\/index.php?rest_route=%2Fwp%2Fv2%2Fcomments&post=220615"}],"version-history":[{"count":1,"href":"https:\/\/diarioregionaldigital.com.br\/index.php?rest_route=\/wp\/v2\/posts\/220615\/revisions"}],"predecessor-version":[{"id":220617,"href":"https:\/\/diarioregionaldigital.com.br\/index.php?rest_route=\/wp\/v2\/posts\/220615\/revisions\/220617"}],"wp:featuredmedia":[{"embeddable":true,"href":"https:\/\/diarioregionaldigital.com.br\/index.php?rest_route=\/wp\/v2\/media\/220616"}],"wp:attachment":[{"href":"https:\/\/diarioregionaldigital.com.br\/index.php?rest_route=%2Fwp%2Fv2%2Fmedia&parent=220615"}],"wp:term":[{"taxonomy":"category","embeddable":true,"href":"https:\/\/diarioregionaldigital.com.br\/index.php?rest_route=%2Fwp%2Fv2%2Fcategories&post=220615"},{"taxonomy":"post_tag","embeddable":true,"href":"https:\/\/diarioregionaldigital.com.br\/index.php?rest_route=%2Fwp%2Fv2%2Ftags&post=220615"}],"curies":[{"name":"wp","href":"https:\/\/api.w.org\/{rel}","templated":true}]}}