{"id":220609,"date":"2024-01-17T19:40:15","date_gmt":"2024-01-17T22:40:15","guid":{"rendered":"https:\/\/diarioregionaldigital.com.br\/?p=220609"},"modified":"2024-01-17T19:40:15","modified_gmt":"2024-01-17T22:40:15","slug":"contribuintes-em-duvida-sobre-o-valor-referente-ao-iptu-2024-poderao-apresentar-sua-reclamacao-a-partir-desta-quinta-18","status":"publish","type":"post","link":"https:\/\/diarioregionaldigital.com.br\/?p=220609","title":{"rendered":"Contribuintes em d\u00favida sobre o valor referente ao IPTU 2024 poder\u00e3o apresentar sua reclama\u00e7\u00e3o a partir desta quinta, 18"},"content":{"rendered":"<p>Segundo informa\u00e7\u00f5es do site da Prefeitura de Juiz de Fora (PJF), contribuintes de Juiz de Fora em d\u00favida sobre o valor referente ao IPTU 2024 poder\u00e3o apresentar sua reclama\u00e7\u00e3o \u00e0 Prefeitura de Juiz de Fora (PJF) a partir desta quinta, 18 de janeiro. A medida foi autorizada por decreto municipal, corrigindo o decreto n\u00ba 16.304, que equivocadamente estabeleceu prazo para a contesta\u00e7\u00e3o em data posterior ao do pagamento do imposto.<\/p>\n<p>Publicado extraordinariamente nesta quarta, 17 de janeiro, o decreto orienta ainda que o protocolo seja feito por meio das ferramentas do Prefeitura \u00c1gil, ou em uma das unidades do Diga, Departamento de Informa\u00e7\u00e3o Geral e Atendimento.<\/p>\n","protected":false},"excerpt":{"rendered":"<p>Segundo informa\u00e7\u00f5es do site da Prefeitura de Juiz de Fora (PJF), contribuintes de Juiz de Fora em d\u00favida sobre o valor referente ao IPTU 2024 poder\u00e3o apresentar sua reclama\u00e7\u00e3o \u00e0 Prefeitura de Juiz de Fora (PJF) a partir desta quinta, 18 de janeiro. A medida foi autorizada por decreto municipal, corrigindo o decreto n\u00ba 16.304, [&hellip;]<\/p>\n","protected":false},"author":246,"featured_media":220610,"comment_status":"closed","ping_status":"closed","sticky":false,"template":"","format":"standard","meta":{"footnotes":""},"categories":[253,436,439],"tags":[],"class_list":["post-220609","post","type-post","status-publish","format-standard","has-post-thumbnail","hentry","category-cidade","category-destaque-da-semana","category-ultima-hora"],"_links":{"self":[{"href":"https:\/\/diarioregionaldigital.com.br\/index.php?rest_route=\/wp\/v2\/posts\/220609","targetHints":{"allow":["GET"]}}],"collection":[{"href":"https:\/\/diarioregionaldigital.com.br\/index.php?rest_route=\/wp\/v2\/posts"}],"about":[{"href":"https:\/\/diarioregionaldigital.com.br\/index.php?rest_route=\/wp\/v2\/types\/post"}],"author":[{"embeddable":true,"href":"https:\/\/diarioregionaldigital.com.br\/index.php?rest_route=\/wp\/v2\/users\/246"}],"replies":[{"embeddable":true,"href":"https:\/\/diarioregionaldigital.com.br\/index.php?rest_route=%2Fwp%2Fv2%2Fcomments&post=220609"}],"version-history":[{"count":1,"href":"https:\/\/diarioregionaldigital.com.br\/index.php?rest_route=\/wp\/v2\/posts\/220609\/revisions"}],"predecessor-version":[{"id":220611,"href":"https:\/\/diarioregionaldigital.com.br\/index.php?rest_route=\/wp\/v2\/posts\/220609\/revisions\/220611"}],"wp:featuredmedia":[{"embeddable":true,"href":"https:\/\/diarioregionaldigital.com.br\/index.php?rest_route=\/wp\/v2\/media\/220610"}],"wp:attachment":[{"href":"https:\/\/diarioregionaldigital.com.br\/index.php?rest_route=%2Fwp%2Fv2%2Fmedia&parent=220609"}],"wp:term":[{"taxonomy":"category","embeddable":true,"href":"https:\/\/diarioregionaldigital.com.br\/index.php?rest_route=%2Fwp%2Fv2%2Fcategories&post=220609"},{"taxonomy":"post_tag","embeddable":true,"href":"https:\/\/diarioregionaldigital.com.br\/index.php?rest_route=%2Fwp%2Fv2%2Ftags&post=220609"}],"curies":[{"name":"wp","href":"https:\/\/api.w.org\/{rel}","templated":true}]}}