{"id":220605,"date":"2024-01-17T19:35:18","date_gmt":"2024-01-17T22:35:18","guid":{"rendered":"https:\/\/diarioregionaldigital.com.br\/?p=220605"},"modified":"2024-01-17T19:35:54","modified_gmt":"2024-01-17T22:35:54","slug":"pjf-lanca-ferramenta-inovadora-para-conectar-prestadores-de-servicos-a-pessoas-que-precisam-contratar-em-juiz-de-fora","status":"publish","type":"post","link":"https:\/\/diarioregionaldigital.com.br\/?p=220605","title":{"rendered":"PJF lan\u00e7a ferramenta inovadora para conectar prestadores de servi\u00e7os a pessoas que precisam contratar em Juiz de Fora"},"content":{"rendered":"<p>Segundo informa\u00e7\u00f5es do site da Prefeitura de Juiz de Fora (PJF), a PJF, por meio da Secretaria de Desenvolvimento Sustent\u00e1vel e Inclusivo, da Inova\u00e7\u00e3o e Competitividade (Sedic), lan\u00e7ou nesta ter\u00e7a-feira, 17, o \u201cACHEI JF!\u201d, ferramenta inovadora que conecta prestadores de servi\u00e7os e contratantes em Juiz de Fora. Totalmente gratuito para profissionais e clientes, o novo servi\u00e7o j\u00e1 pode ser acessado pelo <a href=\"http:\/\/acheijf.pjf.mg.gov.br\/%20acheijf.com.br\"><strong>endere\u00e7o eletr\u00f4nico<\/strong><\/a>, ou por meio de aplicativos j\u00e1 dispon\u00edveis nas lojas Play Store (Android) e App Store (Apple), como \u201cAchei JF\u201d e \u201cAchei JF \u2013 Prestadores\u201d.<\/p>\n<p>O an\u00fancio do novo servi\u00e7o foi feito pela prefeita, Margarida Salom\u00e3o, e pelo secret\u00e1rio de Desenvolvimento, Ignacio Delgado, em evento com a participa\u00e7\u00e3o de entidades representativas. \u201cO ACHEI JF vem facilitar os ganhos econ\u00f4micos mais significativos para essas pessoas e disponibilizar ao p\u00fablico de Juiz de Fora a op\u00e7\u00e3o de ter servi\u00e7os de qualidade, avali\u00e1veis. Al\u00e9m de auxiliar a Prefeitura na constru\u00e7\u00e3o de pol\u00edticas p\u00fablicas, na qualifica\u00e7\u00e3o desses profissionais\u201d, destacou a prefeita.<br \/>\nO \u201cACHEI JF!\u201d \u00e9 uma vitrine para facilitar a intera\u00e7\u00e3o, onde os prestadores de servi\u00e7os, como maridos de aluguel (servi\u00e7os gerais), diaristas, pedreiros, eletricistas, pintores, gar\u00e7ons, motoristas, recepcionistas, auxiliares de limpeza, bab\u00e1s, encanadores, marceneiros, servi\u00e7os t\u00e9cnicos e muito mais, podem divulgar o seu trabalho para toda a cidade.<br \/>\nDo outro lado, quem quer contratar, tem acesso a diversas categorias de profissionais, e pode avali\u00e1-los pelas habilidades e servi\u00e7os j\u00e1 prestados.<\/p>\n<p>O secret\u00e1rio de Desenvolvimento destacou que a expectativa \u00e9 atingir cerca de 100 mil prestadores, entre trabalhadores aut\u00f4nomos, microempreendedores individuais (MEIs), coletivos da Economia Solid\u00e1ria e artes\u00e3os. \u201cN\u00e3o h\u00e1 tecnologia ou intelig\u00eancia artificial que substitua esses profissionais.\u201d<br \/>\nAl\u00e9m da intermedia\u00e7\u00e3o gratuita, o \u201cACHEI JF\u201d permite que os prestadores de servi\u00e7os de Juiz de Fora ampliem sua carteira de clientes e tenham acesso a informa\u00e7\u00f5es sobre qualifica\u00e7\u00f5es oferecidas pela Prefeitura, buscando incentiv\u00e1-los a prestarem servi\u00e7os de qualidade, auxiliando a gera\u00e7\u00e3o e melhoria de renda.<\/p>\n<p><strong>Como funciona<br \/>\n<\/strong><br \/>\nPrestadores de servi\u00e7os e produtores, sejam eles microempreendedores individuais, trabalhadores aut\u00f4nomos, artes\u00e3os ou integrantes de coletivos locais, devem baixar o aplicativo \u201cACHEI JF &#8211; Prestadores\u201d e realizar o cadastro, informando dados pessoais. \u00c9 necess\u00e1rio o envio da c\u00f3pia de alguns documentos.<br \/>\nAp\u00f3s a libera\u00e7\u00e3o do cadastro pela Prefeitura, o profissional j\u00e1 pode divulgar o seu trabalho em detalhes, descrevendo suas habilidades e disponibilizando fotos do seu servi\u00e7o ou produto.<\/p>\n<p>Pelo aplicativo ou site, \u00e9 poss\u00edvel conversar com os poss\u00edveis clientes, receber pedidos de or\u00e7amento e avalia\u00e7\u00f5es, al\u00e9m de compartilhar cart\u00f5es de visita nas redes sociais.<\/p>\n<p>J\u00e1 os contratantes devem baixar o aplicativo \u201cACHEI JF\u201d, realizar um breve cadastro e pesquisar os servi\u00e7os de interesse. \u00c9 poss\u00edvel entrar em contato com o profissional, solicitar or\u00e7amentos, contratar e avaliar o servi\u00e7o.<br \/>\n<strong>A libera\u00e7\u00e3o de novos cadastros de prestadores de servi\u00e7os pela Prefeitura acontece de segunda a sexta-feira, das 8h \u00e0s 12h e das 14h \u00e0s 18h. Para os contratantes, a entrada \u00e9 autom\u00e1tica no ACHEI JF.<\/strong><\/p>\n","protected":false},"excerpt":{"rendered":"<p>Segundo informa\u00e7\u00f5es do site da Prefeitura de Juiz de Fora (PJF), a PJF, por meio da Secretaria de Desenvolvimento Sustent\u00e1vel e Inclusivo, da Inova\u00e7\u00e3o e Competitividade (Sedic), lan\u00e7ou nesta ter\u00e7a-feira, 17, o \u201cACHEI JF!\u201d, ferramenta inovadora que conecta prestadores de servi\u00e7os e contratantes em Juiz de Fora. Totalmente gratuito para profissionais e clientes, o novo [&hellip;]<\/p>\n","protected":false},"author":246,"featured_media":220606,"comment_status":"closed","ping_status":"closed","sticky":false,"template":"","format":"standard","meta":{"footnotes":""},"categories":[253,436,440,439],"tags":[],"class_list":["post-220605","post","type-post","status-publish","format-standard","has-post-thumbnail","hentry","category-cidade","category-destaque-da-semana","category-destaques-do-dia","category-ultima-hora"],"_links":{"self":[{"href":"https:\/\/diarioregionaldigital.com.br\/index.php?rest_route=\/wp\/v2\/posts\/220605","targetHints":{"allow":["GET"]}}],"collection":[{"href":"https:\/\/diarioregionaldigital.com.br\/index.php?rest_route=\/wp\/v2\/posts"}],"about":[{"href":"https:\/\/diarioregionaldigital.com.br\/index.php?rest_route=\/wp\/v2\/types\/post"}],"author":[{"embeddable":true,"href":"https:\/\/diarioregionaldigital.com.br\/index.php?rest_route=\/wp\/v2\/users\/246"}],"replies":[{"embeddable":true,"href":"https:\/\/diarioregionaldigital.com.br\/index.php?rest_route=%2Fwp%2Fv2%2Fcomments&post=220605"}],"version-history":[{"count":2,"href":"https:\/\/diarioregionaldigital.com.br\/index.php?rest_route=\/wp\/v2\/posts\/220605\/revisions"}],"predecessor-version":[{"id":220608,"href":"https:\/\/diarioregionaldigital.com.br\/index.php?rest_route=\/wp\/v2\/posts\/220605\/revisions\/220608"}],"wp:featuredmedia":[{"embeddable":true,"href":"https:\/\/diarioregionaldigital.com.br\/index.php?rest_route=\/wp\/v2\/media\/220606"}],"wp:attachment":[{"href":"https:\/\/diarioregionaldigital.com.br\/index.php?rest_route=%2Fwp%2Fv2%2Fmedia&parent=220605"}],"wp:term":[{"taxonomy":"category","embeddable":true,"href":"https:\/\/diarioregionaldigital.com.br\/index.php?rest_route=%2Fwp%2Fv2%2Fcategories&post=220605"},{"taxonomy":"post_tag","embeddable":true,"href":"https:\/\/diarioregionaldigital.com.br\/index.php?rest_route=%2Fwp%2Fv2%2Ftags&post=220605"}],"curies":[{"name":"wp","href":"https:\/\/api.w.org\/{rel}","templated":true}]}}