{"id":220599,"date":"2024-01-17T19:21:52","date_gmt":"2024-01-17T22:21:52","guid":{"rendered":"https:\/\/diarioregionaldigital.com.br\/?p=220599"},"modified":"2024-01-17T19:21:52","modified_gmt":"2024-01-17T22:21:52","slug":"bia-haddad-vence-facil-e-vai-a-terceira-rodada-do-aberto-da-australia","status":"publish","type":"post","link":"https:\/\/diarioregionaldigital.com.br\/?p=220599","title":{"rendered":"Bia Haddad vence f\u00e1cil e vai \u00e0 terceira rodada do Aberto da Austr\u00e1lia"},"content":{"rendered":"<p>A tenista brasileira Beatriz Haddad, de 25 anos, avan\u00e7ou pela primeira vez na carreira \u00e0 terceira fase do Aberto da Austr\u00e1lia. \u00a0Nesta quarta-feira (17), ela atropelou a jovem russa Alina Korneeva, de 16 anos, que ascendeu \u00e0 fase principal pelo\u00a0<em>qualifying\u00a0<\/em>( classificat\u00f3rio). Bia aplicou 2 sets a 0 na advers\u00e1ria de 16 anos,\u00a0 com parciais de 6\/1 e 6\/2.<img decoding=\"async\" src=\"https:\/\/agenciabrasil.ebc.com.br\/ebc.png?id=1576771&amp;o=node\" \/><img decoding=\"async\" src=\"https:\/\/agenciabrasil.ebc.com.br\/ebc.gif?id=1576771&amp;o=node\" \/><\/p>\n<p>Atual n\u00famero 12 no ranking mundial, a brasileira ter\u00e1 de derrotar outra jovem russa para assegurar presen\u00e7a nas oitavas de final: \u00a0Maria Timofeeva (170\u00aa), de 20 anos. O dia e o hor\u00e1rio da partida ainda ser\u00e3o definidos pelos organizadores.<\/p>\n<blockquote><p>\u201cFiz um jogo bem s\u00f3lido. Acho que consegui lidar bem mentalmente com os momentos duros do jogo\u201d, comemorou Bia ap\u00f3s o triunfo. \u201cQuero melhorar as coisas que ainda n\u00e3o sa\u00edram do jeito que eu gostaria e tamb\u00e9m os pontos que eu preciso para enfrentar a minha pr\u00f3xima advers\u00e1ria, que sei que tamb\u00e9m \u00e9 jovem, mas ainda n\u00e3o a conhe\u00e7o&#8221;, finalizou<\/p><\/blockquote>\n<p>Nesta quinta (18), Bia volta \u00e0 quadra para a segunda rodada de duplas, ao lado da norte-americana Taylor Townsend, com quem foi campe\u00e3 do WTA 500 de Adelaide na semana passada. \u00a0Elas ter\u00e3o pela frente a dupla da bielorrussas Aliaksandra\u00a0<em><strong>Sasnovich<\/strong><\/em>\u00a0com a russa Anna Blinkova.<\/p>\n<h2>Estreias \u00e0 noite<\/h2>\n<p>Logo mais, \u00e0s 21h, quem estreia \u00e9 a dupla do ga\u00facho Marcelo Demoliner com o neozeland\u00eas Marcus Daniel. Eles enfrenam os australianos John Millman e Edward Winter.<\/p>\n<p>A partir das 22h15, a parceria do paranaense Thiago Wild com o argentino Sebasti\u00e1n B\u00e1ez encara a dupla do su\u00ed\u00e7o Sebastian Ofner com o franc\u00eas Alexandre Muller.<\/p>\n<p>Recuperada de les\u00e3o no joelho, a paulista Luisa Stefani disputa a primeira rodada de duplas \u00e0s 22h20, ao lado holandesa Demi Shuurs. As advers\u00e1rias duelam com a croata Donna Vekic e a romena Sorana Cirstea. O jogo de estreia de Stefani e Shuurs deveria ter ocorrido na madrugada de hoje (17), mas devido ao mau tempo, foi adiado para esta noite.<\/p>\n<p>O mineiro Marcelo Melo estreia nas duplas mistas \u00e0s 3h30 desta quinta (18), ao lado de Townseend (parceira de Bia Haddad nas duplas femininas). Eles encaram a parceria de Veronika\u00a0Kudermetova (R\u00fassia) com\u00a0Lloyd Glasspool (Inglaterra).<\/p>\n<h2>Outros resultados<\/h2>\n<p>A quarta (17) n\u00e3o foi boa para a dupla do mineiro Marcelo Melo com o holand\u00eas Matwe Middelkoop. Eles foram eliminados ao perderem por 2 sets a 0 (6\/7 e 5\/7) o jogo de estreia para os parceiros Rajjev Ram (\u00cdndia) e Joe Salisbury (Inglaterra). Melo volta a competir pelas duplas mistas volta \u00e0 quadra , e se despediram do Grand Slam.<\/p>\n<p>A parceria da carioca Ingrid Martins com a romena Monica Niculesco tamb\u00e9m deu adeus precoce ao Aberto da Austr\u00e1lia, ao ser superadas na estreia pelas italianas Sara Errani e Jasmine Paolini, por 2 sets a 0 (6\/3 e 6\/1).<\/p>\n<p>Fonte: Ag\u00eancia Brasil<\/p>\n","protected":false},"excerpt":{"rendered":"<p>A tenista brasileira Beatriz Haddad, de 25 anos, avan\u00e7ou pela primeira vez na carreira \u00e0 terceira fase do Aberto da Austr\u00e1lia. \u00a0Nesta quarta-feira (17), ela atropelou a jovem russa Alina Korneeva, de 16 anos, que ascendeu \u00e0 fase principal pelo\u00a0qualifying\u00a0( classificat\u00f3rio). Bia aplicou 2 sets a 0 na advers\u00e1ria de 16 anos,\u00a0 com parciais de [&hellip;]<\/p>\n","protected":false},"author":246,"featured_media":220600,"comment_status":"closed","ping_status":"closed","sticky":false,"template":"","format":"standard","meta":{"footnotes":""},"categories":[436,440,257,439],"tags":[],"class_list":["post-220599","post","type-post","status-publish","format-standard","has-post-thumbnail","hentry","category-destaque-da-semana","category-destaques-do-dia","category-esporte","category-ultima-hora"],"_links":{"self":[{"href":"https:\/\/diarioregionaldigital.com.br\/index.php?rest_route=\/wp\/v2\/posts\/220599","targetHints":{"allow":["GET"]}}],"collection":[{"href":"https:\/\/diarioregionaldigital.com.br\/index.php?rest_route=\/wp\/v2\/posts"}],"about":[{"href":"https:\/\/diarioregionaldigital.com.br\/index.php?rest_route=\/wp\/v2\/types\/post"}],"author":[{"embeddable":true,"href":"https:\/\/diarioregionaldigital.com.br\/index.php?rest_route=\/wp\/v2\/users\/246"}],"replies":[{"embeddable":true,"href":"https:\/\/diarioregionaldigital.com.br\/index.php?rest_route=%2Fwp%2Fv2%2Fcomments&post=220599"}],"version-history":[{"count":1,"href":"https:\/\/diarioregionaldigital.com.br\/index.php?rest_route=\/wp\/v2\/posts\/220599\/revisions"}],"predecessor-version":[{"id":220601,"href":"https:\/\/diarioregionaldigital.com.br\/index.php?rest_route=\/wp\/v2\/posts\/220599\/revisions\/220601"}],"wp:featuredmedia":[{"embeddable":true,"href":"https:\/\/diarioregionaldigital.com.br\/index.php?rest_route=\/wp\/v2\/media\/220600"}],"wp:attachment":[{"href":"https:\/\/diarioregionaldigital.com.br\/index.php?rest_route=%2Fwp%2Fv2%2Fmedia&parent=220599"}],"wp:term":[{"taxonomy":"category","embeddable":true,"href":"https:\/\/diarioregionaldigital.com.br\/index.php?rest_route=%2Fwp%2Fv2%2Fcategories&post=220599"},{"taxonomy":"post_tag","embeddable":true,"href":"https:\/\/diarioregionaldigital.com.br\/index.php?rest_route=%2Fwp%2Fv2%2Ftags&post=220599"}],"curies":[{"name":"wp","href":"https:\/\/api.w.org\/{rel}","templated":true}]}}