{"id":220571,"date":"2024-01-16T01:28:02","date_gmt":"2024-01-16T04:28:02","guid":{"rendered":"https:\/\/diarioregionaldigital.com.br\/?p=220571"},"modified":"2024-01-16T01:28:02","modified_gmt":"2024-01-16T04:28:02","slug":"bia-haddad-supera-nervosismo-e-vence-estreia-no-aberto-da-australia","status":"publish","type":"post","link":"https:\/\/diarioregionaldigital.com.br\/?p=220571","title":{"rendered":"Bia Haddad supera nervosismo e vence estreia no Aberto da Austr\u00e1lia"},"content":{"rendered":"<p>Atual n\u00famero 11 do mundo, a brasileira Beatriz Haddad superou o nervosismo da estreia no Aberto da Austr\u00e1lia, \u00a0em Melbourne, e derrotou a tcheca Linda Fruhvirtova (85\u00aa no ranking da WTA) por por 2 sets a 1 (6\/2, 3\/6 e 6\/2), em 2h18 de partida.\u00a0 Antes da segunda rodada da chave de simples, a paulistana de 25 anos estreia nas duplas \u00e0 1h30 (hor\u00e1rio de Bras\u00edlia), ao lado da norte-americana Taylor Townsend,\u00a0com quem foi\u00a0<a href=\"https:\/\/agenciabrasil.ebc.com.br\/esportes\/noticia\/2024-01\/bia-haddad-e-campea-de-duplas-do-wta-500-de-adelaide-na-australia\"><strong>campe\u00e3 na semana passada WTA 500 de Adelaide<\/strong><\/a>, tamb\u00e9m na Austr\u00e1lia.<img decoding=\"async\" src=\"https:\/\/agenciabrasil.ebc.com.br\/ebc.png?id=1576474&amp;o=node\" \/><img decoding=\"async\" src=\"https:\/\/agenciabrasil.ebc.com.br\/ebc.gif?id=1576474&amp;o=node\" \/><\/p>\n<blockquote><p>&#8220;Foi um jogo duro. Primeira rodada de Grand Slam \u00e9 sempre dif\u00edcil e nervoso para todo mundo. Tem dias que mesmo n\u00e3o jogando o seu melhor t\u00eanis voc\u00ea precisa lutar, n\u00e3o pode abaixar a cabe\u00e7a. Estou feliz com a minha luta de hoje, eu permiti tentar mais vezes e n\u00e3o desistir. Agora \u00e9 pensar em melhorar o t\u00eanis nas pr\u00f3ximas rodadas&#8221;, analisou Bia, que vai em busca de uma vaga in\u00e9dita na terceira rodada de Melbourne.<\/p><\/blockquote>\n<p>A advers\u00e1ria ser\u00e1 a russa Alina Korneeva (180\u00aa), de 16 anos, que chegou \u00e0 fase principal do Grand Slam australiano pelo classificat\u00f3rio, no qual despachou a espanhola Sara Sorribes (33\u00aa).<\/p>\n<p>Na duplas, na madrugada desta ter\u00e7a (16), Bia e Townsend ter\u00e3o pela frente na estreia a parceria da eslovaca Tereza Mihalikova com a chinesa Xu Yifan.<\/p>\n<h2>Mais brasileiros em Melbourne<\/h2>\n<p>No domingo (14), por muito pouco o paranaense Thiago Wild (7\u00ba no ranking da ATP) n\u00e3o avan\u00e7ou \u00e0 segunda rodada. Ap\u00f3s sair perdendo por 2 sets a 0 (7\/5 e 6\/4), Wild se recuperou e empatou o jogo (3\/6 e 4\/6), levando a decis\u00e3o para o tie-break. No entanto, deixou escapar a classifica\u00e7\u00e3o ao perder o set decisivo por 7\/6, e deu adeus \u00e0 \u00a0chave de simples do Grand Slam.<\/p>\n<p>O paranaense volta \u00e0 quadra \u00e0 parir das 21h desta ter\u00e7a (16) para estrear na duplas ao lado do colombiano Nicolas Barrientos.<\/p>\n<p>O Brasil conta ainda com outros cinco representantes na chave de duplas, cujas estreias ocorrer\u00e3o a partir de 1h30 desta ter\u00e7a (16). \u00a0S\u00e3o eles: Rafael Matos, Ingrid Martins, Luisa Stefani, Marcelo Demoliner e Marcelo Melo<\/p>\n<h2>Programa\u00e7\u00e3o<\/h2>\n<p>TER\u00c7A (16)<\/p>\n<p><em>1h30<\/em><\/p>\n<p><u>\u00a0Rafael Matos<\/u>\u00a0e Nicolas Barrientos (Col\u00f4mbia) \u00a0x Yuki Bhambri (\u00cdnida) e Robin Haase (Pa\u00edses Baixos)<\/p>\n<p><em>A partir de 21h<\/em><\/p>\n<p><u>Ingrid Martins<\/u>\u00a0e Monica Niculescu (Rom\u00eania) x Sara Errani (It\u00e1lia) e Jasmine Paolini (It\u00e1lia)<\/p>\n<p><u>Luisa Stefani\u00a0<\/u>e Demi Schuurs (Holanda) x Sorana Cirstea (Rom\u00eania) e Donna Vekic (Cro\u00e1cia)<\/p>\n<p><u>Marcelo Demoliner\u00a0<\/u>e Marcus Daniell (Nova Zel\u00e2ndia) x John Millman (Austr\u00e1lia) e Edward Winter (Austr\u00e1lia)<\/p>\n<p><u>Thiago Wild<\/u>\u00a0e Sebastian B\u00e1ez (Argentina) x Sebastian Ofner (\u00c1ustria) e Alexandre M\u00fcller (Fran\u00e7a)<\/p>\n<p><u>Marcelo Melo\u00a0<\/u>e Matwe Middelkoop (Pa\u00edses Baixoa) x Rajeev Ram e Joe Salisbury (Inglaterra)<\/p>\n<p>Fonte: Ag\u00eancia Brasil<\/p>\n","protected":false},"excerpt":{"rendered":"<p>Atual n\u00famero 11 do mundo, a brasileira Beatriz Haddad superou o nervosismo da estreia no Aberto da Austr\u00e1lia, \u00a0em Melbourne, e derrotou a tcheca Linda Fruhvirtova (85\u00aa no ranking da WTA) por por 2 sets a 1 (6\/2, 3\/6 e 6\/2), em 2h18 de partida.\u00a0 Antes da segunda rodada da chave de simples, a paulistana [&hellip;]<\/p>\n","protected":false},"author":246,"featured_media":220572,"comment_status":"closed","ping_status":"closed","sticky":false,"template":"","format":"standard","meta":{"footnotes":""},"categories":[436,257,439],"tags":[],"class_list":["post-220571","post","type-post","status-publish","format-standard","has-post-thumbnail","hentry","category-destaque-da-semana","category-esporte","category-ultima-hora"],"_links":{"self":[{"href":"https:\/\/diarioregionaldigital.com.br\/index.php?rest_route=\/wp\/v2\/posts\/220571","targetHints":{"allow":["GET"]}}],"collection":[{"href":"https:\/\/diarioregionaldigital.com.br\/index.php?rest_route=\/wp\/v2\/posts"}],"about":[{"href":"https:\/\/diarioregionaldigital.com.br\/index.php?rest_route=\/wp\/v2\/types\/post"}],"author":[{"embeddable":true,"href":"https:\/\/diarioregionaldigital.com.br\/index.php?rest_route=\/wp\/v2\/users\/246"}],"replies":[{"embeddable":true,"href":"https:\/\/diarioregionaldigital.com.br\/index.php?rest_route=%2Fwp%2Fv2%2Fcomments&post=220571"}],"version-history":[{"count":1,"href":"https:\/\/diarioregionaldigital.com.br\/index.php?rest_route=\/wp\/v2\/posts\/220571\/revisions"}],"predecessor-version":[{"id":220573,"href":"https:\/\/diarioregionaldigital.com.br\/index.php?rest_route=\/wp\/v2\/posts\/220571\/revisions\/220573"}],"wp:featuredmedia":[{"embeddable":true,"href":"https:\/\/diarioregionaldigital.com.br\/index.php?rest_route=\/wp\/v2\/media\/220572"}],"wp:attachment":[{"href":"https:\/\/diarioregionaldigital.com.br\/index.php?rest_route=%2Fwp%2Fv2%2Fmedia&parent=220571"}],"wp:term":[{"taxonomy":"category","embeddable":true,"href":"https:\/\/diarioregionaldigital.com.br\/index.php?rest_route=%2Fwp%2Fv2%2Fcategories&post=220571"},{"taxonomy":"post_tag","embeddable":true,"href":"https:\/\/diarioregionaldigital.com.br\/index.php?rest_route=%2Fwp%2Fv2%2Ftags&post=220571"}],"curies":[{"name":"wp","href":"https:\/\/api.w.org\/{rel}","templated":true}]}}