{"id":220567,"date":"2024-01-16T01:26:04","date_gmt":"2024-01-16T04:26:04","guid":{"rendered":"https:\/\/diarioregionaldigital.com.br\/?p=220567"},"modified":"2024-01-16T01:26:04","modified_gmt":"2024-01-16T04:26:04","slug":"lucas-fasson-e-convocado-para-pre-olimpico-apos-corte-de-matheus-dias","status":"publish","type":"post","link":"https:\/\/diarioregionaldigital.com.br\/?p=220567","title":{"rendered":"Lucas Fasson \u00e9 convocado para Pr\u00e9-Ol\u00edmpico ap\u00f3s corte de Matheus Dias"},"content":{"rendered":"<p>O zagueiro Lucas Fasson, de 22 anos, atualmente no Lokomotiv Moscou, \u00e9 o mais novo convocado da sele\u00e7\u00e3o brasileira masculina Sub 23 que estreia daqui a oito dias no Torneio Pr\u00e9-Ol\u00edmpico, na Venezuela. \u00a0Ex-Athletico-PR, Fasson foi chamado pelo t\u00e9cnico Ramon Menezes nesta segunda-feira (15), para substituir o lateral Matheus Dias, cortado no domingo (14), ap\u00f3s sofrer les\u00e3o muscular na coxa esquerda.<img decoding=\"async\" src=\"https:\/\/agenciabrasil.ebc.com.br\/ebc.png?id=1576497&amp;o=node\" \/><img decoding=\"async\" src=\"https:\/\/agenciabrasil.ebc.com.br\/ebc.gif?id=1576497&amp;o=node\" \/><\/p>\n<blockquote><p>\u201cEle se apresentar\u00e1 \u00e0 sele\u00e7\u00e3o brasileira em S\u00e3o Paulo, nesta ter\u00e7a-feira (16). A delega\u00e7\u00e3o viaja para Caracas no dia seguinte\u201d, diz a\u00a0<a href=\"https:\/\/www.cbf.com.br\/selecao-brasileira\/olimpica\/brasileira\/lucas-fasson-e-convocado-para-selecao-pre-olimpica?csrt=7333232696597345925\">nota oficial da CBF<\/a>.<\/p><\/blockquote>\n<p>Al\u00e9m de Matheus Dias, outros sete\u00a0jogadores\u00a0<a href=\"https:\/\/agenciabrasil.ebc.com.br\/esportes\/noticia\/2023-12\/ramon-convoca-selecao-masculina-sub-23-para-torneio-pre-olimpico\"><strong>convocados em 21 de dezembro<\/strong><\/a>\u00a0do ano passado n\u00e3o representar\u00e3o o Pa\u00eds no Pr\u00e9-Ol\u00edmpico. Diferentemente da quest\u00e3o f\u00edsica, eles n\u00e3o competir\u00e3o com a amarelinha por n\u00e3o terem sido liberados pelos clubes onde atuam. \u00c9 o caso do goleiro Andrew (Gil Vicente\/Portugal); os laterais Vin\u00edcius Tobias (Real Madrid\/Espanha), Luan C\u00e2ndido (Red Bull Bragantino)\u00a0e Patryck (S\u00e3o Paulo); os zagueiros Kaiky Fernandes (Almeira\/Espanha) e Robert Renan (Zenit\/R\u00fassia);\u00a0 e o meio-campista Danilo (Nottingham Forest\/Inglaterra).<\/p>\n<p>A sele\u00e7\u00e3o Sub 23 segue em prepara\u00e7\u00e3o na sede da CBF (Granja Comary), em Teres\u00f3polis (RJ). No domingo (14), a equipe venceu de virada o jogo-treino contra o Boavista-RJ, por 2 a 1. Os gols sa\u00edram na segunda etapa.<\/p>\n<p>Quem abriu o placar foi Wellington, do Boavista. Depois, o meio-campista Marlon Gomes empatou e Bruno Gomes selou o triunfo da sele\u00e7\u00e3o. O t\u00e9cnico Ramon Menezes testou dois times em cada tempo da partida. \u00a0Na primeira etapa a sele\u00e7\u00e3o Sub 23 jogou com Mycael; Khellven, Arthur Chaves, Michel e Kaiki Bruno; Bruno Gomes e Andrey Santos; Maur\u00edcio, Marquinhos, John Kennedy e Endrick. \u00a0Para a etapa final, o treinador manteve apenas o zagueiro Arthur Chaves e colocou em campo Kaique, Marlon Gomes, Luan Patrick e Rikelme; Ronald, Alexsander e Gabriel Pirani.<\/p>\n<p>Atual bicampe\u00e3 ol\u00edmpica (Rio 2016 e T\u00f3quio 2020), a sele\u00e7\u00e3o brasileira estreia\u00a0contra a Bol\u00edvia, em 23 de janeiro, pelo Grupo A, que tem ainda Venezuela, Col\u00f4mbia e Equador.\u00a0Na chave B est\u00e3o Argentina, Chile, Paraguai, Peru e Uruguai.\u00a0Apenas o campe\u00e3o e o vice do torneio se classificam para Paris 2024.<\/p>\n<p>Depois da Bol\u00edvia, a sele\u00e7\u00e3o enfrentar\u00e1 a Col\u00f4mbia em\u00a026.de fevereiro,\u00a0o Equador tr\u00eas dias depois e, por fim, a Venezuela em 1\u00ba de fevereiro. Todos os jogos da fase de grupos ocorrer\u00e3o no\u00a0Est\u00e1dio Br\u00edgido Iriarte, em\u00a0Caracas.\u00a0A final do Pr\u00e9-Ol\u00edmpico est\u00e1 programada para\u00a011 de fevereiro.<\/p>\n<p>Fonte: Ag\u00eancia Brasil<\/p>\n","protected":false},"excerpt":{"rendered":"<p>O zagueiro Lucas Fasson, de 22 anos, atualmente no Lokomotiv Moscou, \u00e9 o mais novo convocado da sele\u00e7\u00e3o brasileira masculina Sub 23 que estreia daqui a oito dias no Torneio Pr\u00e9-Ol\u00edmpico, na Venezuela. \u00a0Ex-Athletico-PR, Fasson foi chamado pelo t\u00e9cnico Ramon Menezes nesta segunda-feira (15), para substituir o lateral Matheus Dias, cortado no domingo (14), ap\u00f3s [&hellip;]<\/p>\n","protected":false},"author":246,"featured_media":220568,"comment_status":"closed","ping_status":"closed","sticky":false,"template":"","format":"standard","meta":{"footnotes":""},"categories":[436,257,439],"tags":[],"class_list":["post-220567","post","type-post","status-publish","format-standard","has-post-thumbnail","hentry","category-destaque-da-semana","category-esporte","category-ultima-hora"],"_links":{"self":[{"href":"https:\/\/diarioregionaldigital.com.br\/index.php?rest_route=\/wp\/v2\/posts\/220567","targetHints":{"allow":["GET"]}}],"collection":[{"href":"https:\/\/diarioregionaldigital.com.br\/index.php?rest_route=\/wp\/v2\/posts"}],"about":[{"href":"https:\/\/diarioregionaldigital.com.br\/index.php?rest_route=\/wp\/v2\/types\/post"}],"author":[{"embeddable":true,"href":"https:\/\/diarioregionaldigital.com.br\/index.php?rest_route=\/wp\/v2\/users\/246"}],"replies":[{"embeddable":true,"href":"https:\/\/diarioregionaldigital.com.br\/index.php?rest_route=%2Fwp%2Fv2%2Fcomments&post=220567"}],"version-history":[{"count":2,"href":"https:\/\/diarioregionaldigital.com.br\/index.php?rest_route=\/wp\/v2\/posts\/220567\/revisions"}],"predecessor-version":[{"id":220570,"href":"https:\/\/diarioregionaldigital.com.br\/index.php?rest_route=\/wp\/v2\/posts\/220567\/revisions\/220570"}],"wp:featuredmedia":[{"embeddable":true,"href":"https:\/\/diarioregionaldigital.com.br\/index.php?rest_route=\/wp\/v2\/media\/220568"}],"wp:attachment":[{"href":"https:\/\/diarioregionaldigital.com.br\/index.php?rest_route=%2Fwp%2Fv2%2Fmedia&parent=220567"}],"wp:term":[{"taxonomy":"category","embeddable":true,"href":"https:\/\/diarioregionaldigital.com.br\/index.php?rest_route=%2Fwp%2Fv2%2Fcategories&post=220567"},{"taxonomy":"post_tag","embeddable":true,"href":"https:\/\/diarioregionaldigital.com.br\/index.php?rest_route=%2Fwp%2Fv2%2Ftags&post=220567"}],"curies":[{"name":"wp","href":"https:\/\/api.w.org\/{rel}","templated":true}]}}