{"id":220543,"date":"2024-01-16T00:57:27","date_gmt":"2024-01-16T03:57:27","guid":{"rendered":"https:\/\/diarioregionaldigital.com.br\/?p=220543"},"modified":"2024-01-16T00:57:27","modified_gmt":"2024-01-16T03:57:27","slug":"receita-refaz-estimativa-de-perdas-com-desoneracao-da-folha","status":"publish","type":"post","link":"https:\/\/diarioregionaldigital.com.br\/?p=220543","title":{"rendered":"Receita refaz estimativa de perdas com desonera\u00e7\u00e3o da folha"},"content":{"rendered":"<p>Diante de c\u00e1lculos conflitantes apresentados pela pr\u00f3pria equipe econ\u00f4mica, o ministro da Fazenda, Fernando Haddad, pediu que a Receita Federal refizesse as estimativas de perda com a prorroga\u00e7\u00e3o da desonera\u00e7\u00e3o da folha de pagamento. Ele levar\u00e1 o novo n\u00famero ao presidente do Senado, Rodrigo Pacheco (PSD-MG), com quem se re\u00fane na noite desta segunda-feira (15).<img decoding=\"async\" src=\"https:\/\/agenciabrasil.ebc.com.br\/ebc.png?id=1576500&amp;o=node\" \/><img decoding=\"async\" src=\"https:\/\/agenciabrasil.ebc.com.br\/ebc.gif?id=1576500&amp;o=node\" \/><\/p>\n<p>At\u00e9 agora, o Minist\u00e9rio da Fazenda informou tr\u00eas impactos diferentes com a derrubada do veto. Inicialmente, a pasta tinha informado R$ 25 bilh\u00f5es para o Or\u00e7amento de 2024. Posteriormente, informou R$ 20 bilh\u00f5es e, por fim, R$ 16 bilh\u00f5es.<\/p>\n<p>\u201cEu pedi para a Receita reestimar [a perda de arrecada\u00e7\u00e3o]. A primeira provid\u00eancia que vou fazer \u00e9 levar ao conhecimento do presidente Rodrigo Pacheco o que que n\u00e3o est\u00e1 previsto no Or\u00e7amento que foi aprovado. Porque, como n\u00e3o foi feito o c\u00e1lculo pela Fazenda, o projeto foi aprovado sem que houvesse participa\u00e7\u00e3o do Executivo. Ent\u00e3o, n\u00f3s usamos esse tempo para fazer uma estimativa de ren\u00fancia n\u00e3o prevista no Or\u00e7amento que compromete os objetivos pretendidos\u201d, disse Haddad ao retornar de reuni\u00e3o com o presidente do Paraguai no Itamaraty.<\/p>\n<p>Segundo Haddad, o novo c\u00e1lculo considerar\u00e1 tanto a perda com a prorroga\u00e7\u00e3o da desonera\u00e7\u00e3o da folha de pagamento de 17 setores como com a redu\u00e7\u00e3o da al\u00edquota da Previd\u00eancia Social para os munic\u00edpios de pequeno porte.<\/p>\n<h2>Remessa Conforme<\/h2>\n<p>O ministro evitou informar de onde vir\u00e3o os recursos para compensar a perda de receitas, caso a\u00a0<a href=\"https:\/\/agenciabrasil.ebc.com.br\/economia\/noticia\/2023-12\/governo-publica-mp-com-medidas-para-buscar-deficit-zero-em-2024\" target=\"_blank\" rel=\"noopener\">medida provis\u00f3ria editada no fim do ano passado seja devolvida ou rejeitada pelo Congresso<\/a>. Ele n\u00e3o confirmou se a taxa\u00e7\u00e3o de compras\u00a0<em>online<\/em>,\u00a0<a href=\"https:\/\/agenciabrasil.ebc.com.br\/economia\/noticia\/2023-12\/decisao-sobre-taxacao-de-compras-online-nao-sai-mais-este-ano\" target=\"_blank\" rel=\"noopener\">cuja decis\u00e3o ficou para este ano<\/a>, compensar\u00e1 o impacto fiscal.<\/p>\n<p>\u201cO or\u00e7amento \u00e9 p\u00fablico: quando voc\u00ea faz uma ren\u00fancia fiscal voc\u00ea tem que compensar. \u00c9 natural que haja<em>\u00a0lobbies<\/em>, que haja grupos de interesses defendendo as suas propostas. Mas o papel do Minist\u00e9rio da Fazenda \u00e9 buscar harmonizar o or\u00e7amento com aquilo que foi aprovado\u201d, declarou. Segundo o ministro, a reuni\u00e3o desta segunda com Pacheco marcar\u00e1 o in\u00edcio de uma \u201cdiscuss\u00e3o de alto n\u00edvel\u201d sobre o tema.<\/p>\n<p>Antes do encontro com Pacheco, Haddad reuniu-se com o ministro das Rela\u00e7\u00f5es Institucionais, Alexandre Padilha, e com o l\u00edder do Governo no Senado, Jacques Wagner (PT-BA). Ao deixar o minist\u00e9rio, Wagner repetiu que n\u00e3o acredita que o Congresso devolver\u00e1 a medida provis\u00f3ria, mas n\u00e3o entrou em detalhes sobre a possibilidade de o Legislativo converter a proposta em projeto de lei.<\/p>\n<p>Fonte: Ag\u00eancia Brasil<\/p>\n","protected":false},"excerpt":{"rendered":"<p>Diante de c\u00e1lculos conflitantes apresentados pela pr\u00f3pria equipe econ\u00f4mica, o ministro da Fazenda, Fernando Haddad, pediu que a Receita Federal refizesse as estimativas de perda com a prorroga\u00e7\u00e3o da desonera\u00e7\u00e3o da folha de pagamento. Ele levar\u00e1 o novo n\u00famero ao presidente do Senado, Rodrigo Pacheco (PSD-MG), com quem se re\u00fane na noite desta segunda-feira (15). [&hellip;]<\/p>\n","protected":false},"author":246,"featured_media":220544,"comment_status":"closed","ping_status":"closed","sticky":false,"template":"","format":"standard","meta":{"footnotes":""},"categories":[436,440,261,439],"tags":[],"class_list":["post-220543","post","type-post","status-publish","format-standard","has-post-thumbnail","hentry","category-destaque-da-semana","category-destaques-do-dia","category-economia","category-ultima-hora"],"_links":{"self":[{"href":"https:\/\/diarioregionaldigital.com.br\/index.php?rest_route=\/wp\/v2\/posts\/220543","targetHints":{"allow":["GET"]}}],"collection":[{"href":"https:\/\/diarioregionaldigital.com.br\/index.php?rest_route=\/wp\/v2\/posts"}],"about":[{"href":"https:\/\/diarioregionaldigital.com.br\/index.php?rest_route=\/wp\/v2\/types\/post"}],"author":[{"embeddable":true,"href":"https:\/\/diarioregionaldigital.com.br\/index.php?rest_route=\/wp\/v2\/users\/246"}],"replies":[{"embeddable":true,"href":"https:\/\/diarioregionaldigital.com.br\/index.php?rest_route=%2Fwp%2Fv2%2Fcomments&post=220543"}],"version-history":[{"count":1,"href":"https:\/\/diarioregionaldigital.com.br\/index.php?rest_route=\/wp\/v2\/posts\/220543\/revisions"}],"predecessor-version":[{"id":220545,"href":"https:\/\/diarioregionaldigital.com.br\/index.php?rest_route=\/wp\/v2\/posts\/220543\/revisions\/220545"}],"wp:featuredmedia":[{"embeddable":true,"href":"https:\/\/diarioregionaldigital.com.br\/index.php?rest_route=\/wp\/v2\/media\/220544"}],"wp:attachment":[{"href":"https:\/\/diarioregionaldigital.com.br\/index.php?rest_route=%2Fwp%2Fv2%2Fmedia&parent=220543"}],"wp:term":[{"taxonomy":"category","embeddable":true,"href":"https:\/\/diarioregionaldigital.com.br\/index.php?rest_route=%2Fwp%2Fv2%2Fcategories&post=220543"},{"taxonomy":"post_tag","embeddable":true,"href":"https:\/\/diarioregionaldigital.com.br\/index.php?rest_route=%2Fwp%2Fv2%2Ftags&post=220543"}],"curies":[{"name":"wp","href":"https:\/\/api.w.org\/{rel}","templated":true}]}}