{"id":220539,"date":"2024-01-15T18:01:45","date_gmt":"2024-01-15T21:01:45","guid":{"rendered":"https:\/\/diarioregionaldigital.com.br\/?p=220539"},"modified":"2024-01-15T18:01:45","modified_gmt":"2024-01-15T21:01:45","slug":"cerca-de-12-pets-ganharam-novo-lar-no-primeiro-evento-de-adocao-do-ano","status":"publish","type":"post","link":"https:\/\/diarioregionaldigital.com.br\/?p=220539","title":{"rendered":"Cerca de 12 pets ganharam novo lar no primeiro evento de ado\u00e7\u00e3o do ano"},"content":{"rendered":"<p>Segundo informa\u00e7\u00f5es do site da Prefeitura de Juiz de Fora (PJF), no s\u00e1bado, 13, o Parque Halfeld recebeu o primeiro evento de ado\u00e7\u00e3o respons\u00e1vel do Canil Municipal da Prefeitura de Juiz de Fora (PJF). A a\u00e7\u00e3o viabilizou 12 ado\u00e7\u00f5es, sendo nove gatos e tr\u00eas c\u00e3es.<br \/>\nA a\u00e7\u00e3o tamb\u00e9m foi uma oportunidade para os tutores levarem seus pets para atualizarem a vacina\u00e7\u00e3o antirr\u00e1bica animal. No total, 34 doses foram ministradas.<br \/>\nAl\u00e9m disso, outras atividades de prote\u00e7\u00e3o e cuidado animal integram a iniciativa. Durante o evento, a equipe do Canil realiza cadastros para castra\u00e7\u00e3o e microchipagem de pets j\u00e1 castrados pela PJF.<\/p>\n<p><strong>&#8220;Me Adota A\u00ed!&#8221;<\/strong><br \/>\nA campanha \u201cMe Adota A\u00ed!\u201d foi lan\u00e7ada pela atual gest\u00e3o municipal com o objetivo de garantir um lar para os animais que est\u00e3o no Canil Municipal. Os interessados em adotar um amigo podem visitar o Canil das 9h \u00e0s 10h30 e das 13h \u00e0s 15h30, de segunda a sexta-feira. Ademais, tamb\u00e9m pode ser feito agendamento para visita atrav\u00e9s do telefone (32) 98416-3648. O espa\u00e7o fica localizado na Rua Bartolomeu dos Santos, 680, bairro S\u00e3o Dami\u00e3o.<\/p>\n","protected":false},"excerpt":{"rendered":"<p>Segundo informa\u00e7\u00f5es do site da Prefeitura de Juiz de Fora (PJF), no s\u00e1bado, 13, o Parque Halfeld recebeu o primeiro evento de ado\u00e7\u00e3o respons\u00e1vel do Canil Municipal da Prefeitura de Juiz de Fora (PJF). A a\u00e7\u00e3o viabilizou 12 ado\u00e7\u00f5es, sendo nove gatos e tr\u00eas c\u00e3es. A a\u00e7\u00e3o tamb\u00e9m foi uma oportunidade para os tutores levarem [&hellip;]<\/p>\n","protected":false},"author":246,"featured_media":220540,"comment_status":"closed","ping_status":"closed","sticky":false,"template":"","format":"standard","meta":{"footnotes":""},"categories":[253,436,440,439],"tags":[],"class_list":["post-220539","post","type-post","status-publish","format-standard","has-post-thumbnail","hentry","category-cidade","category-destaque-da-semana","category-destaques-do-dia","category-ultima-hora"],"_links":{"self":[{"href":"https:\/\/diarioregionaldigital.com.br\/index.php?rest_route=\/wp\/v2\/posts\/220539","targetHints":{"allow":["GET"]}}],"collection":[{"href":"https:\/\/diarioregionaldigital.com.br\/index.php?rest_route=\/wp\/v2\/posts"}],"about":[{"href":"https:\/\/diarioregionaldigital.com.br\/index.php?rest_route=\/wp\/v2\/types\/post"}],"author":[{"embeddable":true,"href":"https:\/\/diarioregionaldigital.com.br\/index.php?rest_route=\/wp\/v2\/users\/246"}],"replies":[{"embeddable":true,"href":"https:\/\/diarioregionaldigital.com.br\/index.php?rest_route=%2Fwp%2Fv2%2Fcomments&post=220539"}],"version-history":[{"count":1,"href":"https:\/\/diarioregionaldigital.com.br\/index.php?rest_route=\/wp\/v2\/posts\/220539\/revisions"}],"predecessor-version":[{"id":220541,"href":"https:\/\/diarioregionaldigital.com.br\/index.php?rest_route=\/wp\/v2\/posts\/220539\/revisions\/220541"}],"wp:featuredmedia":[{"embeddable":true,"href":"https:\/\/diarioregionaldigital.com.br\/index.php?rest_route=\/wp\/v2\/media\/220540"}],"wp:attachment":[{"href":"https:\/\/diarioregionaldigital.com.br\/index.php?rest_route=%2Fwp%2Fv2%2Fmedia&parent=220539"}],"wp:term":[{"taxonomy":"category","embeddable":true,"href":"https:\/\/diarioregionaldigital.com.br\/index.php?rest_route=%2Fwp%2Fv2%2Fcategories&post=220539"},{"taxonomy":"post_tag","embeddable":true,"href":"https:\/\/diarioregionaldigital.com.br\/index.php?rest_route=%2Fwp%2Fv2%2Ftags&post=220539"}],"curies":[{"name":"wp","href":"https:\/\/api.w.org\/{rel}","templated":true}]}}