{"id":220536,"date":"2024-01-15T18:00:26","date_gmt":"2024-01-15T21:00:26","guid":{"rendered":"https:\/\/diarioregionaldigital.com.br\/?p=220536"},"modified":"2024-01-15T18:00:26","modified_gmt":"2024-01-15T21:00:26","slug":"flamengo-anuncia-a-atacante-cristiane-para-o-futebol-feminino","status":"publish","type":"post","link":"https:\/\/diarioregionaldigital.com.br\/?p=220536","title":{"rendered":"Flamengo anuncia a atacante Cristiane para o futebol feminino"},"content":{"rendered":"<p>O Flamengo anunciou um grande refor\u00e7o para a sua equipe de futebol feminino, a atacante Cristiane, que estava no Santos, pelo qual foi a artilheira da edi\u00e7\u00e3o 2022 do Campeonato Brasileiro. A centroavante j\u00e1 desembarcou no Rio de Janeiro, assinou contrato e esteve no Ninho do Urubu neste domingo (14).<img decoding=\"async\" src=\"https:\/\/agenciabrasil.ebc.com.br\/ebc.png?id=1576410&amp;o=node\" \/><img decoding=\"async\" src=\"https:\/\/agenciabrasil.ebc.com.br\/ebc.gif?id=1576410&amp;o=node\" \/><\/p>\n<p>\u201cO projeto do Flamengo no futebol feminino foi primordial para a escolha, assim como as atletas que est\u00e3o compondo o grupo [\u2026]. A torcida, ent\u00e3o, nem se fala. Al\u00e9m disso, ter uma rede de apoio para minha fam\u00edlia\u201d, declarou a jogadora.<\/p>\n<p>Cristiane tamb\u00e9m tem uma extensa carreira pela sele\u00e7\u00e3o brasileira, pela qual disputou cinco edi\u00e7\u00f5es da Copas do Mundo, de quatro Olimp\u00edadas (nas quais conquistou duas medalhas de prata) e tr\u00eas de Jogos Pan-Americanos (sendo campe\u00e3 em todas as edi\u00e7\u00f5es). Al\u00e9m disso, a centroavante conquistou quatro edi\u00e7\u00f5es da Copa Am\u00e9rica.<\/p>\n<p>Fonte: Ag\u00eancia Brasil<\/p>\n","protected":false},"excerpt":{"rendered":"<p>O Flamengo anunciou um grande refor\u00e7o para a sua equipe de futebol feminino, a atacante Cristiane, que estava no Santos, pelo qual foi a artilheira da edi\u00e7\u00e3o 2022 do Campeonato Brasileiro. A centroavante j\u00e1 desembarcou no Rio de Janeiro, assinou contrato e esteve no Ninho do Urubu neste domingo (14). \u201cO projeto do Flamengo no [&hellip;]<\/p>\n","protected":false},"author":246,"featured_media":220537,"comment_status":"closed","ping_status":"closed","sticky":false,"template":"","format":"standard","meta":{"footnotes":""},"categories":[436,440,257,439],"tags":[],"class_list":["post-220536","post","type-post","status-publish","format-standard","has-post-thumbnail","hentry","category-destaque-da-semana","category-destaques-do-dia","category-esporte","category-ultima-hora"],"_links":{"self":[{"href":"https:\/\/diarioregionaldigital.com.br\/index.php?rest_route=\/wp\/v2\/posts\/220536","targetHints":{"allow":["GET"]}}],"collection":[{"href":"https:\/\/diarioregionaldigital.com.br\/index.php?rest_route=\/wp\/v2\/posts"}],"about":[{"href":"https:\/\/diarioregionaldigital.com.br\/index.php?rest_route=\/wp\/v2\/types\/post"}],"author":[{"embeddable":true,"href":"https:\/\/diarioregionaldigital.com.br\/index.php?rest_route=\/wp\/v2\/users\/246"}],"replies":[{"embeddable":true,"href":"https:\/\/diarioregionaldigital.com.br\/index.php?rest_route=%2Fwp%2Fv2%2Fcomments&post=220536"}],"version-history":[{"count":1,"href":"https:\/\/diarioregionaldigital.com.br\/index.php?rest_route=\/wp\/v2\/posts\/220536\/revisions"}],"predecessor-version":[{"id":220538,"href":"https:\/\/diarioregionaldigital.com.br\/index.php?rest_route=\/wp\/v2\/posts\/220536\/revisions\/220538"}],"wp:featuredmedia":[{"embeddable":true,"href":"https:\/\/diarioregionaldigital.com.br\/index.php?rest_route=\/wp\/v2\/media\/220537"}],"wp:attachment":[{"href":"https:\/\/diarioregionaldigital.com.br\/index.php?rest_route=%2Fwp%2Fv2%2Fmedia&parent=220536"}],"wp:term":[{"taxonomy":"category","embeddable":true,"href":"https:\/\/diarioregionaldigital.com.br\/index.php?rest_route=%2Fwp%2Fv2%2Fcategories&post=220536"},{"taxonomy":"post_tag","embeddable":true,"href":"https:\/\/diarioregionaldigital.com.br\/index.php?rest_route=%2Fwp%2Fv2%2Ftags&post=220536"}],"curies":[{"name":"wp","href":"https:\/\/api.w.org\/{rel}","templated":true}]}}