{"id":220523,"date":"2024-01-15T13:55:01","date_gmt":"2024-01-15T16:55:01","guid":{"rendered":"https:\/\/diarioregionaldigital.com.br\/?p=220523"},"modified":"2024-01-15T17:28:10","modified_gmt":"2024-01-15T20:28:10","slug":"extrato-de-segundo-termo-aditivo-de-contrato-15-01-2024","status":"publish","type":"post","link":"https:\/\/diarioregionaldigital.com.br\/?p=220523","title":{"rendered":"EXTRATO DE SEGUNDO TERMO ADITIVO DE CONTRATO &#8211; 16\/01\/2024"},"content":{"rendered":"<p style=\"text-align: center;\">EXTRATO DE SEGUNDO TERMO ADITIVO DE CONTRATO<\/p>\n<p style=\"text-align: center;\">2\u00ba Termo Aditivo. Pref. Municipal de Descoberto x Thomaz e Milward Sociedade de Advogados &#8211; Objeto: Modifica\u00e7\u00e3o do prazo de vig\u00eancia do contrato, que passar\u00e1 a vigorar de 02\/01\/24 a 02\/01\/25 &#8211; Fundamento: Inexigibilidade n\u00ba \u00a0001\/2022 \u2013 Valor Global: 60.000,00 \u00a0\u2013 Vig\u00eancia:\u00a0 02\/01\/24 a 02\/01\/25 \u00a0\u2013 Dot or\u00e7: 02.02002.04.122.0002.217-339035\/100- Ass: 02\/01\/24 &#8211; Foro: S\u00e3o Jo\u00e3o Nepomuceno\/MG.<strong>\u00a0<\/strong><\/p>\n<p style=\"text-align: center;\">Marcos de Ara\u00fajo Lima<\/p>\n<p style=\"text-align: center;\">Prefeito Municipal<\/p>\n","protected":false},"excerpt":{"rendered":"<p>EXTRATO DE SEGUNDO TERMO ADITIVO DE CONTRATO 2\u00ba Termo Aditivo. Pref. Municipal de Descoberto x Thomaz e Milward Sociedade de Advogados &#8211; Objeto: Modifica\u00e7\u00e3o do prazo de vig\u00eancia do contrato, que passar\u00e1 a vigorar de 02\/01\/24 a 02\/01\/25 &#8211; Fundamento: Inexigibilidade n\u00ba \u00a0001\/2022 \u2013 Valor Global: 60.000,00 \u00a0\u2013 Vig\u00eancia:\u00a0 02\/01\/24 a 02\/01\/25 \u00a0\u2013 Dot or\u00e7: [&hellip;]<\/p>\n","protected":false},"author":246,"featured_media":0,"comment_status":"closed","ping_status":"closed","sticky":false,"template":"","format":"standard","meta":{"footnotes":""},"categories":[307],"tags":[],"class_list":["post-220523","post","type-post","status-publish","format-standard","hentry","category-editais"],"_links":{"self":[{"href":"https:\/\/diarioregionaldigital.com.br\/index.php?rest_route=\/wp\/v2\/posts\/220523","targetHints":{"allow":["GET"]}}],"collection":[{"href":"https:\/\/diarioregionaldigital.com.br\/index.php?rest_route=\/wp\/v2\/posts"}],"about":[{"href":"https:\/\/diarioregionaldigital.com.br\/index.php?rest_route=\/wp\/v2\/types\/post"}],"author":[{"embeddable":true,"href":"https:\/\/diarioregionaldigital.com.br\/index.php?rest_route=\/wp\/v2\/users\/246"}],"replies":[{"embeddable":true,"href":"https:\/\/diarioregionaldigital.com.br\/index.php?rest_route=%2Fwp%2Fv2%2Fcomments&post=220523"}],"version-history":[{"count":2,"href":"https:\/\/diarioregionaldigital.com.br\/index.php?rest_route=\/wp\/v2\/posts\/220523\/revisions"}],"predecessor-version":[{"id":220526,"href":"https:\/\/diarioregionaldigital.com.br\/index.php?rest_route=\/wp\/v2\/posts\/220523\/revisions\/220526"}],"wp:attachment":[{"href":"https:\/\/diarioregionaldigital.com.br\/index.php?rest_route=%2Fwp%2Fv2%2Fmedia&parent=220523"}],"wp:term":[{"taxonomy":"category","embeddable":true,"href":"https:\/\/diarioregionaldigital.com.br\/index.php?rest_route=%2Fwp%2Fv2%2Fcategories&post=220523"},{"taxonomy":"post_tag","embeddable":true,"href":"https:\/\/diarioregionaldigital.com.br\/index.php?rest_route=%2Fwp%2Fv2%2Ftags&post=220523"}],"curies":[{"name":"wp","href":"https:\/\/api.w.org\/{rel}","templated":true}]}}