{"id":220521,"date":"2024-01-13T08:37:11","date_gmt":"2024-01-13T11:37:11","guid":{"rendered":"https:\/\/diarioregionaldigital.com.br\/?p=220521"},"modified":"2024-01-13T08:37:11","modified_gmt":"2024-01-13T11:37:11","slug":"insensatez-em-dois-tempos","status":"publish","type":"post","link":"https:\/\/diarioregionaldigital.com.br\/?p=220521","title":{"rendered":"Insensatez em dois tempos"},"content":{"rendered":"<p>\u201cA insensatez alegra quem n\u00e3o tem bom senso, mas o homem de entendimento procede com retid\u00e3o\u201d (Prov\u00e9rbios 15: 21).<\/p>\n<p>O n\u00e9scio costuma se vangloriar da sua pr\u00f3pria ignor\u00e2ncia. Ele acha bonito ser raso, debocha dos instru\u00eddos, menospreza o ac\u00famulo de conhecimento e zomba da pr\u00f3pria sabedoria. A falta de bom senso \u00e9 motivo de satisfa\u00e7\u00e3o para o tolo.<\/p>\n<p>\u00c9 comum ouvir esse tipo de alma dizendo coisas como: \u201cvalores s\u00e3o um atraso\u201d, \u201ceduca\u00e7\u00e3o \u00e9 desnecess\u00e1ria\u201d, \u201cconhecimento s\u00f3 \u00e9 \u00fatil se der dinheiro\u201d, \u201cser esperto \u00e9 melhor do que ser \u00edntegro\u201d, \u201cn\u00e3o pratica o bem porque ningu\u00e9m o faz\u201d, \u2026 esse tipo, inclusive, \u00e9 daqueles que costumam debochar da f\u00e9.<\/p>\n<p>O certo \u00e9 fazer tudo oposto do que dizem os tolos: cultivar valores, ser educado, aumentar o estoque de conhecimentos independente de qualquer coisa, manter uma postura \u00edntegra, praticar o bem, \u2026<\/p>\n<p>Sempre tendo como base o mais importante que \u00e9 a f\u00e9!<\/p>\n<p>Na verdade, o tolo se diverte com as suas tolices, por\u00e9m, a pessoa de entendimento, de costas para os argumentos rasos t\u00edpicos dos tolos, segue fazendo o que \u00e9 correto e praticando o que conv\u00e9m.<\/p>\n<p>\u201cOs insensatos zombam da id\u00e9ia de reparar o pecado cometido, mas a boa vontade est\u00e1 entre os justos\u201d (Prov\u00e9rbios 14: 9).<\/p>\n<p>Todos n\u00f3s somos humanos pass\u00edveis de erros, o que faz um sujeito melhor n\u00e3o \u00e9 o fato de n\u00e3o errar, mas como ele lida com seu erro.<\/p>\n<p>O insensato peca e n\u00e3o toma nenhuma provid\u00eancia. N\u00e3o reflete sobre o que fez, ou quando reflete busca dentro de si justificativas para se eximir da culpa. O insensato lesa as outras pessoas e n\u00e3o repara, seja porque \u00e9 ref\u00e9m de um orgulho equivocado, seja porque \u00e9 totalmente vazio de empatia e simplesmente n\u00e3o se importa se machucou, feriu ou defraudou o semelhante.<\/p>\n<p>Ao contr\u00e1rio do insensato, o justo tem a boa vontade de praticar a justi\u00e7a sobre si mesmo.<\/p>\n<p>A pessoa de boa vontade tem consci\u00eancia de sua condi\u00e7\u00e3o humana, sabe que erra, tenta evitar, mas quando acontece, se arrepende. O sensato olha para dentro de si toda hora, julga implacavelmente os pr\u00f3prios erros para exercer miseric\u00f3rdia para com as outras pessoas. Como ser humano, ele peca, mas n\u00e3o busca desculpas, pede perd\u00e3o a Deus e, quando for o caso, ao pr\u00f3ximo, cr\u00ea na miseric\u00f3rdia de Deus e limpa o cora\u00e7\u00e3o com o compromisso de n\u00e3o voltar mais \u00e0quela pr\u00e1tica.<\/p>\n<p>Quem pode ser aperfei\u00e7oado sem antes conscientizar-se da sua pr\u00f3pria condi\u00e7\u00e3o imperfeita? Insensato \u00e9 quem acha que j\u00e1 nasceu pronto!<\/p>\n<p>&nbsp;<\/p>\n","protected":false},"excerpt":{"rendered":"<p>\u201cA insensatez alegra quem n\u00e3o tem bom senso, mas o homem de entendimento procede com retid\u00e3o\u201d (Prov\u00e9rbios 15: 21). O n\u00e9scio costuma se vangloriar da sua pr\u00f3pria ignor\u00e2ncia. Ele acha bonito ser raso, debocha dos instru\u00eddos, menospreza o ac\u00famulo de conhecimento e zomba da pr\u00f3pria sabedoria. A falta de bom senso \u00e9 motivo de satisfa\u00e7\u00e3o [&hellip;]<\/p>\n","protected":false},"author":246,"featured_media":0,"comment_status":"closed","ping_status":"closed","sticky":false,"template":"","format":"standard","meta":{"footnotes":""},"categories":[1244],"tags":[],"class_list":["post-220521","post","type-post","status-publish","format-standard","hentry","category-oleg-abramov"],"_links":{"self":[{"href":"https:\/\/diarioregionaldigital.com.br\/index.php?rest_route=\/wp\/v2\/posts\/220521","targetHints":{"allow":["GET"]}}],"collection":[{"href":"https:\/\/diarioregionaldigital.com.br\/index.php?rest_route=\/wp\/v2\/posts"}],"about":[{"href":"https:\/\/diarioregionaldigital.com.br\/index.php?rest_route=\/wp\/v2\/types\/post"}],"author":[{"embeddable":true,"href":"https:\/\/diarioregionaldigital.com.br\/index.php?rest_route=\/wp\/v2\/users\/246"}],"replies":[{"embeddable":true,"href":"https:\/\/diarioregionaldigital.com.br\/index.php?rest_route=%2Fwp%2Fv2%2Fcomments&post=220521"}],"version-history":[{"count":1,"href":"https:\/\/diarioregionaldigital.com.br\/index.php?rest_route=\/wp\/v2\/posts\/220521\/revisions"}],"predecessor-version":[{"id":220522,"href":"https:\/\/diarioregionaldigital.com.br\/index.php?rest_route=\/wp\/v2\/posts\/220521\/revisions\/220522"}],"wp:attachment":[{"href":"https:\/\/diarioregionaldigital.com.br\/index.php?rest_route=%2Fwp%2Fv2%2Fmedia&parent=220521"}],"wp:term":[{"taxonomy":"category","embeddable":true,"href":"https:\/\/diarioregionaldigital.com.br\/index.php?rest_route=%2Fwp%2Fv2%2Fcategories&post=220521"},{"taxonomy":"post_tag","embeddable":true,"href":"https:\/\/diarioregionaldigital.com.br\/index.php?rest_route=%2Fwp%2Fv2%2Ftags&post=220521"}],"curies":[{"name":"wp","href":"https:\/\/api.w.org\/{rel}","templated":true}]}}