{"id":220515,"date":"2024-01-12T20:15:33","date_gmt":"2024-01-12T23:15:33","guid":{"rendered":"https:\/\/diarioregionaldigital.com.br\/?p=220515"},"modified":"2024-01-12T20:15:33","modified_gmt":"2024-01-12T23:15:33","slug":"jf-volei-estreia-na-superliga-b-neste-sabado-13","status":"publish","type":"post","link":"https:\/\/diarioregionaldigital.com.br\/?p=220515","title":{"rendered":"JF V\u00f4lei estreia na Superliga B neste s\u00e1bado, 13"},"content":{"rendered":"<p>Segundo informa\u00e7\u00f5es do site da Prefeitura de Juiz de Fora (PJF), neste s\u00e1bado, 13, o JF V\u00f4lei far\u00e1 sua estreia na Superliga B em 2024, contra o Bras\u00edlia V\u00f4lei, em Taguatinga\/DF. A partida ter\u00e1 in\u00edcio \u00e0s 17h e marca o retorno da equipe juiz-forana \u00e0s quadras ap\u00f3s o t\u00edtulo invicto da Superliga C em 2023. O primeiro compromisso em casa ser\u00e1 no dia 20, contra o Saneago Goi\u00e1s V\u00f4lei, \u00e0s 19h, no Gin\u00e1sio Municipal Jornalista Ant\u00f4nio Marcos.<\/p>\n<p>&nbsp;<\/p>\n<div>Em junho de 2023, a Companhia de Saneamento Municipal (Cesama) da Prefeitura de Juiz de Fora (PJF) firmou patroc\u00ednio para o projeto JF V\u00f4lei. O valor acertado do patroc\u00ednio foi de R$ 700 mil por dois anos. A parceria entre a Cesama e a Associa\u00e7\u00e3o de Ensino e Pesquisa em Esporte e Lazer (Asepel), coordenadora do projeto JF V\u00f4lei, tem como objetivo principal oferecer condi\u00e7\u00f5es t\u00e9cnicas e infraestrutura para a equipe de voleibol masculino do JF V\u00f4lei, a fim de desenvolver seu potencial esportivo e representar Juiz de Fora na Superliga C e no Campeonato Mineiro de Voleibol nesses dois anos.<\/div>\n","protected":false},"excerpt":{"rendered":"<p>Segundo informa\u00e7\u00f5es do site da Prefeitura de Juiz de Fora (PJF), neste s\u00e1bado, 13, o JF V\u00f4lei far\u00e1 sua estreia na Superliga B em 2024, contra o Bras\u00edlia V\u00f4lei, em Taguatinga\/DF. A partida ter\u00e1 in\u00edcio \u00e0s 17h e marca o retorno da equipe juiz-forana \u00e0s quadras ap\u00f3s o t\u00edtulo invicto da Superliga C em 2023. [&hellip;]<\/p>\n","protected":false},"author":246,"featured_media":220516,"comment_status":"closed","ping_status":"closed","sticky":false,"template":"","format":"standard","meta":{"footnotes":""},"categories":[253,436,439],"tags":[],"class_list":["post-220515","post","type-post","status-publish","format-standard","has-post-thumbnail","hentry","category-cidade","category-destaque-da-semana","category-ultima-hora"],"_links":{"self":[{"href":"https:\/\/diarioregionaldigital.com.br\/index.php?rest_route=\/wp\/v2\/posts\/220515","targetHints":{"allow":["GET"]}}],"collection":[{"href":"https:\/\/diarioregionaldigital.com.br\/index.php?rest_route=\/wp\/v2\/posts"}],"about":[{"href":"https:\/\/diarioregionaldigital.com.br\/index.php?rest_route=\/wp\/v2\/types\/post"}],"author":[{"embeddable":true,"href":"https:\/\/diarioregionaldigital.com.br\/index.php?rest_route=\/wp\/v2\/users\/246"}],"replies":[{"embeddable":true,"href":"https:\/\/diarioregionaldigital.com.br\/index.php?rest_route=%2Fwp%2Fv2%2Fcomments&post=220515"}],"version-history":[{"count":1,"href":"https:\/\/diarioregionaldigital.com.br\/index.php?rest_route=\/wp\/v2\/posts\/220515\/revisions"}],"predecessor-version":[{"id":220517,"href":"https:\/\/diarioregionaldigital.com.br\/index.php?rest_route=\/wp\/v2\/posts\/220515\/revisions\/220517"}],"wp:featuredmedia":[{"embeddable":true,"href":"https:\/\/diarioregionaldigital.com.br\/index.php?rest_route=\/wp\/v2\/media\/220516"}],"wp:attachment":[{"href":"https:\/\/diarioregionaldigital.com.br\/index.php?rest_route=%2Fwp%2Fv2%2Fmedia&parent=220515"}],"wp:term":[{"taxonomy":"category","embeddable":true,"href":"https:\/\/diarioregionaldigital.com.br\/index.php?rest_route=%2Fwp%2Fv2%2Fcategories&post=220515"},{"taxonomy":"post_tag","embeddable":true,"href":"https:\/\/diarioregionaldigital.com.br\/index.php?rest_route=%2Fwp%2Fv2%2Ftags&post=220515"}],"curies":[{"name":"wp","href":"https:\/\/api.w.org\/{rel}","templated":true}]}}