{"id":220500,"date":"2024-01-12T20:03:26","date_gmt":"2024-01-12T23:03:26","guid":{"rendered":"https:\/\/diarioregionaldigital.com.br\/?p=220500"},"modified":"2024-01-12T20:03:26","modified_gmt":"2024-01-12T23:03:26","slug":"mineirao-e-escolhido-como-palco-da-supercopa-do-brasil","status":"publish","type":"post","link":"https:\/\/diarioregionaldigital.com.br\/?p=220500","title":{"rendered":"Mineir\u00e3o \u00e9 escolhido como palco da Supercopa do Brasil"},"content":{"rendered":"<p>A edi\u00e7\u00e3o 2024 da Supercopa do Brasil j\u00e1 tem palco. A Confedera\u00e7\u00e3o Brasileira de Futebol (CBF) anunciou, nesta sexta-feira (12), que o confronto entre o Palmeiras, campe\u00e3o do Brasileiro, e S\u00e3o Paulo, vencedor da Copa do Brasil, ser\u00e1 realizado no est\u00e1dio do Mineir\u00e3o, em Belo Horizonte, a partir das 16h (hor\u00e1rio de Bras\u00edlia) do dia 4 de fevereiro.<img decoding=\"async\" src=\"https:\/\/agenciabrasil.ebc.com.br\/ebc.png?id=1576305&amp;o=node\" \/><img decoding=\"async\" src=\"https:\/\/agenciabrasil.ebc.com.br\/ebc.gif?id=1576305&amp;o=node\" \/><\/p>\n<p>O Verd\u00e3o entra em campo com o objetivo de defender o t\u00edtulo da competi\u00e7\u00e3o, pois em 2023, no est\u00e1dio Man\u00e9 Garrincha, em Bras\u00edlia, a equipe paulista derrotou o Flamengo por 4 a 3 para ficar com o trof\u00e9u.<\/p>\n<p>J\u00e1 para o Tricolor do Morumbi, que em 2023 conquistou a sua primeira Copa do Brasil, ser\u00e1 a oportunidade de buscar outro t\u00edtulo in\u00e9dito.<\/p>\n<p>Fonte: Ag\u00eancia Brasil<\/p>\n","protected":false},"excerpt":{"rendered":"<p>A edi\u00e7\u00e3o 2024 da Supercopa do Brasil j\u00e1 tem palco. A Confedera\u00e7\u00e3o Brasileira de Futebol (CBF) anunciou, nesta sexta-feira (12), que o confronto entre o Palmeiras, campe\u00e3o do Brasileiro, e S\u00e3o Paulo, vencedor da Copa do Brasil, ser\u00e1 realizado no est\u00e1dio do Mineir\u00e3o, em Belo Horizonte, a partir das 16h (hor\u00e1rio de Bras\u00edlia) do dia [&hellip;]<\/p>\n","protected":false},"author":246,"featured_media":220501,"comment_status":"closed","ping_status":"closed","sticky":false,"template":"","format":"standard","meta":{"footnotes":""},"categories":[436,257,439],"tags":[],"class_list":["post-220500","post","type-post","status-publish","format-standard","has-post-thumbnail","hentry","category-destaque-da-semana","category-esporte","category-ultima-hora"],"_links":{"self":[{"href":"https:\/\/diarioregionaldigital.com.br\/index.php?rest_route=\/wp\/v2\/posts\/220500","targetHints":{"allow":["GET"]}}],"collection":[{"href":"https:\/\/diarioregionaldigital.com.br\/index.php?rest_route=\/wp\/v2\/posts"}],"about":[{"href":"https:\/\/diarioregionaldigital.com.br\/index.php?rest_route=\/wp\/v2\/types\/post"}],"author":[{"embeddable":true,"href":"https:\/\/diarioregionaldigital.com.br\/index.php?rest_route=\/wp\/v2\/users\/246"}],"replies":[{"embeddable":true,"href":"https:\/\/diarioregionaldigital.com.br\/index.php?rest_route=%2Fwp%2Fv2%2Fcomments&post=220500"}],"version-history":[{"count":1,"href":"https:\/\/diarioregionaldigital.com.br\/index.php?rest_route=\/wp\/v2\/posts\/220500\/revisions"}],"predecessor-version":[{"id":220502,"href":"https:\/\/diarioregionaldigital.com.br\/index.php?rest_route=\/wp\/v2\/posts\/220500\/revisions\/220502"}],"wp:featuredmedia":[{"embeddable":true,"href":"https:\/\/diarioregionaldigital.com.br\/index.php?rest_route=\/wp\/v2\/media\/220501"}],"wp:attachment":[{"href":"https:\/\/diarioregionaldigital.com.br\/index.php?rest_route=%2Fwp%2Fv2%2Fmedia&parent=220500"}],"wp:term":[{"taxonomy":"category","embeddable":true,"href":"https:\/\/diarioregionaldigital.com.br\/index.php?rest_route=%2Fwp%2Fv2%2Fcategories&post=220500"},{"taxonomy":"post_tag","embeddable":true,"href":"https:\/\/diarioregionaldigital.com.br\/index.php?rest_route=%2Fwp%2Fv2%2Ftags&post=220500"}],"curies":[{"name":"wp","href":"https:\/\/api.w.org\/{rel}","templated":true}]}}