{"id":220494,"date":"2024-01-12T19:51:54","date_gmt":"2024-01-12T22:51:54","guid":{"rendered":"https:\/\/diarioregionaldigital.com.br\/?p=220494"},"modified":"2024-01-12T19:51:54","modified_gmt":"2024-01-12T22:51:54","slug":"emater-mg-orientou-mais-de-400-familias-na-venda-de-produtos-para-alimentacao-escolar-em-uberaba","status":"publish","type":"post","link":"https:\/\/diarioregionaldigital.com.br\/?p=220494","title":{"rendered":"Emater-MG orientou mais de 400 fam\u00edlias na venda de produtos para alimenta\u00e7\u00e3o escolar em Uberaba"},"content":{"rendered":"<p>Em 2023, a unidade regional da\u00a0<a href=\"https:\/\/www.emater.mg.gov.br\/\" target=\"_blank\" rel=\"noopener\">Empresa de Assist\u00eancia T\u00e9cnica e Extens\u00e3o Rural do Estado de Minas Gerais (Emater-MG)<\/a>\u00a0em Uberaba, no Tri\u00e2ngulo Mineiro, obteve resultados positivos com rela\u00e7\u00e3o ao Programa Nacional de Alimenta\u00e7\u00e3o Escolar (Pnae).<\/p>\n<p>A regional, que abrange 25 munic\u00edpios, foi fundamental para que 440 fam\u00edlias de agricultores familiares comercializassem seus produtos por meio do programa.<\/p>\n<figure class=\"image\"><img decoding=\"async\" src=\"https:\/\/www.agenciaminas.mg.gov.br\/ckeditor_assets\/pictures\/20068\/content_pnae_2023_em_uberaba_3.jpg\" alt=\"\" \/><figcaption><sub><em>Emater-MG \/ Divulga\u00e7\u00e3o<\/em><\/sub><\/figcaption><\/figure>\n<p>A sele\u00e7\u00e3o para a comercializa\u00e7\u00e3o ocorreu por meio de uma chamada p\u00fablica elaborada pela\u00a0<a href=\"https:\/\/www.educacao.mg.gov.br\/\" target=\"_blank\" rel=\"noopener\">Secretaria Estadual de Educa\u00e7\u00e3o (SEE)<\/a>\u00a0e o contrato, com dura\u00e7\u00e3o de um ano, \u201cproporcionou uma fonte est\u00e1vel de renda para as fam\u00edlias beneficiadas\u201d, afirma o gerente da regional da Emater-MG em Uberaba, Diego Cesar Veloso Rezende.<\/p>\n<p>A regional da empresa ofereceu mais de 1,5 mil orienta\u00e7\u00f5es t\u00e9cnicas \u00e0s fam\u00edlias envolvidas no Pnae, assegurando a qualidade dos alimentos e o cumprimento das diretrizes contratuais.<\/p>\n<p>Os agricultores familiares produziram uma variedade de itens, incluindo frutas, hortali\u00e7as, quitandas, derivados do leite e diversos outros produtos, entregues a 91 escolas da rede estadual de ensino.<\/p>\n<p>\u201cO Pnae desempenha um papel fundamental na alimenta\u00e7\u00e3o dos alunos e na gera\u00e7\u00e3o de emprego e renda na agricultura familiar. A Emater \u00e9 o elo entre esses dois atores, fazendo com que, diariamente, os alunos recebam alimentos saud\u00e1veis, com seguran\u00e7a alimentar e nutricional, e contribuindo para a qualidade de vida das fam\u00edlias rurais\u201d, diz o gerente, Diego Rezende.<\/p>\n<p><strong>Pnae em Minas Gerais<\/strong><\/p>\n<p>O programa oferece alimentos de qualidade e a\u00e7\u00f5es de educa\u00e7\u00e3o alimentar e nutricional a estudantes de todas as etapas da educa\u00e7\u00e3o b\u00e1sica p\u00fablica.<\/p>\n<p>A lei que regulamenta o Pnae estabelece que, no m\u00ednimo, 30% dos recursos repassados aos estados e munic\u00edpios pelo Fundo Nacional de Desenvolvimento da Educa\u00e7\u00e3o (FNDE), para a alimenta\u00e7\u00e3o escolar, devem ser utilizados na compra de alimentos produzidos pela agricultura familiar.<\/p>\n<p>A Emater-MG atua no programa desenvolvendo a\u00e7\u00f5es de assist\u00eancia t\u00e9cnica aos agricultores e suas organiza\u00e7\u00f5es. Desde em 2022, a empresa firmou contrato com a Secretaria de Estado da Educa\u00e7\u00e3o\u00a0para fortalecer as a\u00e7\u00f5es do Pnae. Em 2023, foram 14.586 fam\u00edlias de agricultores beneficiadas pelo programa.<\/p>\n<p>Fonte: Ag\u00eancia Minas<\/p>\n","protected":false},"excerpt":{"rendered":"<p>Em 2023, a unidade regional da\u00a0Empresa de Assist\u00eancia T\u00e9cnica e Extens\u00e3o Rural do Estado de Minas Gerais (Emater-MG)\u00a0em Uberaba, no Tri\u00e2ngulo Mineiro, obteve resultados positivos com rela\u00e7\u00e3o ao Programa Nacional de Alimenta\u00e7\u00e3o Escolar (Pnae). A regional, que abrange 25 munic\u00edpios, foi fundamental para que 440 fam\u00edlias de agricultores familiares comercializassem seus produtos por meio do [&hellip;]<\/p>\n","protected":false},"author":246,"featured_media":220495,"comment_status":"closed","ping_status":"closed","sticky":false,"template":"","format":"standard","meta":{"footnotes":""},"categories":[436,254,439],"tags":[],"class_list":["post-220494","post","type-post","status-publish","format-standard","has-post-thumbnail","hentry","category-destaque-da-semana","category-politica","category-ultima-hora"],"_links":{"self":[{"href":"https:\/\/diarioregionaldigital.com.br\/index.php?rest_route=\/wp\/v2\/posts\/220494","targetHints":{"allow":["GET"]}}],"collection":[{"href":"https:\/\/diarioregionaldigital.com.br\/index.php?rest_route=\/wp\/v2\/posts"}],"about":[{"href":"https:\/\/diarioregionaldigital.com.br\/index.php?rest_route=\/wp\/v2\/types\/post"}],"author":[{"embeddable":true,"href":"https:\/\/diarioregionaldigital.com.br\/index.php?rest_route=\/wp\/v2\/users\/246"}],"replies":[{"embeddable":true,"href":"https:\/\/diarioregionaldigital.com.br\/index.php?rest_route=%2Fwp%2Fv2%2Fcomments&post=220494"}],"version-history":[{"count":1,"href":"https:\/\/diarioregionaldigital.com.br\/index.php?rest_route=\/wp\/v2\/posts\/220494\/revisions"}],"predecessor-version":[{"id":220496,"href":"https:\/\/diarioregionaldigital.com.br\/index.php?rest_route=\/wp\/v2\/posts\/220494\/revisions\/220496"}],"wp:featuredmedia":[{"embeddable":true,"href":"https:\/\/diarioregionaldigital.com.br\/index.php?rest_route=\/wp\/v2\/media\/220495"}],"wp:attachment":[{"href":"https:\/\/diarioregionaldigital.com.br\/index.php?rest_route=%2Fwp%2Fv2%2Fmedia&parent=220494"}],"wp:term":[{"taxonomy":"category","embeddable":true,"href":"https:\/\/diarioregionaldigital.com.br\/index.php?rest_route=%2Fwp%2Fv2%2Fcategories&post=220494"},{"taxonomy":"post_tag","embeddable":true,"href":"https:\/\/diarioregionaldigital.com.br\/index.php?rest_route=%2Fwp%2Fv2%2Ftags&post=220494"}],"curies":[{"name":"wp","href":"https:\/\/api.w.org\/{rel}","templated":true}]}}