{"id":220491,"date":"2024-01-12T19:50:47","date_gmt":"2024-01-12T22:50:47","guid":{"rendered":"https:\/\/diarioregionaldigital.com.br\/?p=220491"},"modified":"2024-01-12T19:50:47","modified_gmt":"2024-01-12T22:50:47","slug":"governo-de-minas-testa-novo-sistema-de-sonorizacao-do-carnaval-de-belo-horizonte","status":"publish","type":"post","link":"https:\/\/diarioregionaldigital.com.br\/?p=220491","title":{"rendered":"Governo de Minas testa novo sistema de sonoriza\u00e7\u00e3o do Carnaval de Belo Horizonte"},"content":{"rendered":"<p>O Carnaval de Belo Horizonte ter\u00e1 uma novidade em 2024, que come\u00e7a a ser testada neste fim de semana, com um sistema de sonoriza\u00e7\u00e3o in\u00e9dito de torres que amplificam o som dos blocos que sair\u00e3o pelas ruas da capital mineira. O mecanismo de reverbera\u00e7\u00e3o sonora busca atender uma demanda dos principais blocos da cidade, com equipamentos de som em pontos estrat\u00e9gicos das ruas, e n\u00e3o s\u00f3 nos trios, como tradicionalmente acontece.<\/p>\n<p>O teste ser\u00e1 no\u00a0Ensaio Geral do Carnaval 2024, que reunir\u00e1 24 blocos no s\u00e1bado (13\/1) e no domingo (14\/1), de 10h \u00e0s 20h, na Avenida dos Andradas, na regi\u00e3o Leste da capital.<\/p>\n<p>\u201cQueremos mostrar para o Brasil e para o mundo que temos um Carnaval diferenciado, com uma inven\u00e7\u00e3o mineira, que ter\u00e1 o som saindo das torres e n\u00e3o dos trios, diminuindo as aglomera\u00e7\u00f5es e trazendo mais conforto e seguran\u00e7a para quem participar\u201d, observou o governador Romeu Zema, durante vistoria \u00e0 montagem das novas estruturas.<\/p>\n<p>Para a secret\u00e1ria adjunta de Comunica\u00e7\u00e3o de Minas Gerais, B\u00e1rbara Botega, a medida \u201ctraz uma grande inova\u00e7\u00e3o pensada no tipo de som do Carnaval de Belo Horizonte, que tem\u00a0a bateria e a banda, com os regentes, com toda a avenida sonorizada e, com isso, todo mundo vai conseguir ouvir a m\u00fasica\u201d. Os trios ainda ser\u00e3o mais baixos, permitindo maior contato de regentes e banda com a bateria.<\/p>\n<p>O sistema in\u00e9dito de som do Carnaval belo-horizontino conta com investimentos de cerca de R$ 4,5 milh\u00f5es do\u00a0<a href=\"https:\/\/www.mg.gov.br\/\" target=\"_blank\" rel=\"noopener\">Governo de Minas Gerais<\/a>, por meio de patroc\u00ednio da\u00a0<a href=\"http:\/\/www.codemge.com.br\/\" target=\"_blank\" rel=\"noopener\">Companhia de Desenvolvimento de Minas Gerais (Codemge)<\/a>\u00a0e da\u00a0<a href=\"https:\/\/www.cemig.com.br\/\" target=\"_blank\" rel=\"noopener\">Companhia Energ\u00e9tica de Minas Gerais (Cemig)<\/a>.<\/p>\n<p><strong>Servi\u00e7o<\/strong><\/p>\n<p>O Ensaio Geral de Carnaval ser\u00e1 aberto ao p\u00fablico e gratuito e sem controle de acesso, tal como acontece no evento oficial. Nos dois dias, a concentra\u00e7\u00e3o come\u00e7a \u00e0s 10h e segue por 500 metros na Avenida dos Andradas, com um trio el\u00e9trico e a apresenta\u00e7\u00e3o de um bloco e dois convidados por vez. A dispers\u00e3o ser\u00e1 \u00e0s 20h.<\/p>\n<p>O tr\u00e2nsito estar\u00e1 fechado entre a Avenida Silviano Brand\u00e3o e a Rua Alphonsus Guimar\u00e3es, com opera\u00e7\u00e3o da BHTrans para orientar os motoristas na regi\u00e3o. Os ambulantes est\u00e3o autorizados a operar sem credenciamento pr\u00e9vio durante esses ensaios e haver\u00e1 estrutura de banheiros em todo o trajeto. S\u00e3o esperadas cerca de 30 mil pessoas.<\/p>\n<p>Durante o Carnaval, as torres de som ser\u00e3o instaladas para aprimorar a qualidade t\u00e9cnica do som dos blocos tanto na Avenida dos Andradas quanto na Amazonas.<\/p>\n<p><strong>Carnaval da Liberdade<\/strong><\/p>\n<p>Em 2023, o Carnaval de Belo Horizonte integrou o programa Carnaval da Liberdade, e para a folia deste ano, a Cemig, em parceria com o Governo de Minas, lan\u00e7ou o edital Carnaval da Liberdade Cemig 2024, um incentivo de R$ 5 milh\u00f5es para projetos art\u00edsticos com tem\u00e1tica carnavalesca aprovados na Lei Estadual de Incentivo \u00e0 Cultura. A medida atende \u00e0s demandas de agentes culturais de BH e todo o estado e representa uma importante a\u00e7\u00e3o de descentraliza\u00e7\u00e3o de recursos para a folia em Minas.<\/p>\n<p>A expectativa \u00e9 que o fluxo tur\u00edstico seja de 12,1 milh\u00f5es de pessoas em todo o estado, com 50 mil empregos gerados e R$ 1,8 bilh\u00e3o \u2013 um aumento de 20% em rela\u00e7\u00e3o a 2023 \u2013 movimentados na economia da criatividade.<\/p>\n<p><strong>Ensaio Geral Carnaval 2024<\/strong><\/p>\n<p><strong>Data:\u00a0<\/strong>13 e 14\/1\/2024 (s\u00e1bado e domingo)<\/p>\n<p><strong>Hor\u00e1rio:\u00a0<\/strong>10h \u00e0s 20h<\/p>\n<p><strong>Local:<\/strong>\u00a0Avenida dos Andradas, 4.000 &#8211;\u00a0bairro Pompeia &#8211; Belo Horizonte (MG)<\/p>\n<p><strong>S\u00e1bado (13\/1)<\/strong><\/p>\n<p>10h \u00e0s 10h30 \u2013 Cortejo de abertura &#8211; Abre Alas Energia do Carnaval<\/p>\n<p>10h30 \u00e0s 12h &#8211; Ent\u00e3o, Brilha! &#8211; convida Tambolel\u00ea e Abre-te S\u00e9samo!<\/p>\n<p>11h30 \u00e0s 13h30 &#8211; DJ Camis<\/p>\n<p>13h \u00e0s 14h30 &#8211; Seu Vizinho convida Bloco Baile da Serra e Querubloco<\/p>\n<p>14h30 \u00e0s 15h30 &#8211; DJ Camis<\/p>\n<p>15h30 \u00e0s 17h &#8211; Volta Belchior convida Daquele Jeito e Rom\u00e2nticos S\u00e3o Loucos<\/p>\n<p>17h \u00e0s 18h &#8211; DJ Camis<\/p>\n<p>18h \u00e0s 19h30 &#8211; Havayanas Usadas convida \u00c9 o Am\u00f4! e Juventude Bronzeada<\/p>\n<p>19h30 \u00e0s 20h &#8211; DJ Camis<\/p>\n<p><strong>Domingo (14\/1)<\/strong><\/p>\n<p>10h \u00e0s 10h30 &#8211; Cortejo de abertura &#8211; Abre Alas Energia do Carnaval<\/p>\n<p>10h30 \u00e0s 12h &#8211; Bloco da Esquina convida Filhas de Clara e Trov\u00e3o das Minas<\/p>\n<p>12h \u00e0s 13h &#8211; DJ Sandri<\/p>\n<p>13h \u00e0s 14h30 &#8211; Angola Janga convida Magia Negra e Swing Safado<\/p>\n<p>14h30 \u00e0s 15h30 &#8211; DJ Sandri<\/p>\n<p>15h30 \u00e0s 17h &#8211; Truck do Desejo convida ClandesTinas e Baque de Mina<\/p>\n<p>17h \u00e0s 18h &#8211; DJ Sandri<\/p>\n<p>18h \u00e0s 19h30 &#8211; Baianas Ozadas convida Bartucada e Batuque Coletivo<\/p>\n<p>19h30 \u00e0s 20h &#8211; DJ Sandri<\/p>\n<p>Fonte: Ag\u00eancia Minas<\/p>\n","protected":false},"excerpt":{"rendered":"<p>O Carnaval de Belo Horizonte ter\u00e1 uma novidade em 2024, que come\u00e7a a ser testada neste fim de semana, com um sistema de sonoriza\u00e7\u00e3o in\u00e9dito de torres que amplificam o som dos blocos que sair\u00e3o pelas ruas da capital mineira. O mecanismo de reverbera\u00e7\u00e3o sonora busca atender uma demanda dos principais blocos da cidade, com [&hellip;]<\/p>\n","protected":false},"author":246,"featured_media":220492,"comment_status":"closed","ping_status":"closed","sticky":false,"template":"","format":"standard","meta":{"footnotes":""},"categories":[436,254,439],"tags":[],"class_list":["post-220491","post","type-post","status-publish","format-standard","has-post-thumbnail","hentry","category-destaque-da-semana","category-politica","category-ultima-hora"],"_links":{"self":[{"href":"https:\/\/diarioregionaldigital.com.br\/index.php?rest_route=\/wp\/v2\/posts\/220491","targetHints":{"allow":["GET"]}}],"collection":[{"href":"https:\/\/diarioregionaldigital.com.br\/index.php?rest_route=\/wp\/v2\/posts"}],"about":[{"href":"https:\/\/diarioregionaldigital.com.br\/index.php?rest_route=\/wp\/v2\/types\/post"}],"author":[{"embeddable":true,"href":"https:\/\/diarioregionaldigital.com.br\/index.php?rest_route=\/wp\/v2\/users\/246"}],"replies":[{"embeddable":true,"href":"https:\/\/diarioregionaldigital.com.br\/index.php?rest_route=%2Fwp%2Fv2%2Fcomments&post=220491"}],"version-history":[{"count":1,"href":"https:\/\/diarioregionaldigital.com.br\/index.php?rest_route=\/wp\/v2\/posts\/220491\/revisions"}],"predecessor-version":[{"id":220493,"href":"https:\/\/diarioregionaldigital.com.br\/index.php?rest_route=\/wp\/v2\/posts\/220491\/revisions\/220493"}],"wp:featuredmedia":[{"embeddable":true,"href":"https:\/\/diarioregionaldigital.com.br\/index.php?rest_route=\/wp\/v2\/media\/220492"}],"wp:attachment":[{"href":"https:\/\/diarioregionaldigital.com.br\/index.php?rest_route=%2Fwp%2Fv2%2Fmedia&parent=220491"}],"wp:term":[{"taxonomy":"category","embeddable":true,"href":"https:\/\/diarioregionaldigital.com.br\/index.php?rest_route=%2Fwp%2Fv2%2Fcategories&post=220491"},{"taxonomy":"post_tag","embeddable":true,"href":"https:\/\/diarioregionaldigital.com.br\/index.php?rest_route=%2Fwp%2Fv2%2Ftags&post=220491"}],"curies":[{"name":"wp","href":"https:\/\/api.w.org\/{rel}","templated":true}]}}