{"id":220488,"date":"2024-01-12T19:49:39","date_gmt":"2024-01-12T22:49:39","guid":{"rendered":"https:\/\/diarioregionaldigital.com.br\/?p=220488"},"modified":"2024-01-12T19:49:39","modified_gmt":"2024-01-12T22:49:39","slug":"acoes-pedagogicas-desenvolvidas-pelo-governo-de-minas-na-educacao-foram-reforcadas-em-2023","status":"publish","type":"post","link":"https:\/\/diarioregionaldigital.com.br\/?p=220488","title":{"rendered":"A\u00e7\u00f5es pedag\u00f3gicas desenvolvidas pelo Governo de Minas na Educa\u00e7\u00e3o foram refor\u00e7adas em 2023"},"content":{"rendered":"<p dir=\"ltr\">Os desafios pedag\u00f3gicos enfrentados pela rede estadual de ensino s\u00e3o variados e demandam abordagens estrat\u00e9gicas para promover a qualidade e equidade na educa\u00e7\u00e3o. A diversidade de estudantes, com suas necessidades individuais, exige metodologias e estrat\u00e9gias de ensino flex\u00edveis e inclusivas.<\/p>\n<p>Em 2023, o\u00a0<a href=\"http:\/\/www.mg.gov.br\/\" target=\"_blank\" rel=\"noopener\">Governo de Minas<\/a>, por meio da\u00a0<a href=\"https:\/\/www.educacao.mg.gov.br\/\" target=\"_blank\" rel=\"noopener\">Secretaria de Estado de Educa\u00e7\u00e3o de Minas Gerais (SEE\/MG)<\/a>\u00a0trabalhou para minimizar a perda das aprendizagens intensificadas com o per\u00edodo da pandemia, bem como para desenvolver os aspectos\u00a0s\u00f3cio-emocionais dos profissionais e estudantes da rede, al\u00e9m do fortalecimento da seguran\u00e7a do espa\u00e7o escolar enquanto local de sintoma e resson\u00e2ncia de quest\u00f5es sociais.<\/p>\n<p>Dentre as a\u00e7\u00f5es inovadoras implementadas no \u00faltimo ano, destacam-se o Plano de Recomposi\u00e7\u00e3o das Aprendizagens (PRA), que orientou as escolas na recomposi\u00e7\u00e3o e consolida\u00e7\u00e3o das habilidades n\u00e3o oferecidas durante a pandemia; o Agrupamento Tempor\u00e1rio Intermitente, que trabalha habilidades espec\u00edficas de Matem\u00e1tica e L\u00edngua Portuguesa, identificadas com defasagem ap\u00f3s avalia\u00e7\u00e3o; e o Plano de Enfrentamento ao Abandono e \u00e0 Evas\u00e3o Escolar, que busca reduzir as taxas de abandono e evas\u00e3o escolares.<\/p>\n<p>\u201cPensando no nosso compromisso de assegurar acesso, perman\u00eancia e, sobretudo, aprendizado dos nossos estudantes, ao longo de 2023 muitas foram as a\u00e7\u00f5es desenvolvidas que se preocuparam em recompor, especialmente, as perdas de aprendizagens ocasionadas pelo per\u00edodo da pandemia. Todas essas a\u00e7\u00f5es se configuram enquanto interven\u00e7\u00f5es pedag\u00f3gicas essenciais para melhoria da qualidade de aprendizagem dos estudantes\u201d, afirma a superintendente de Pol\u00edticas Pedag\u00f3gicas, Graziela Trindade.<\/p>\n<p><strong>Plano de Enfrentamento ao Abandono e \u00e0 Evas\u00e3o Escolar<\/strong><\/p>\n<p>No in\u00edcio de 2023, o Plano de Enfrentamento ao Abandono e \u00e0 Evas\u00e3o Escolar foi elaborado e divulgado, fornecendo um conjunto de a\u00e7\u00f5es para reduzir as taxas de abandono e evas\u00e3o escolar. Composto por tr\u00eas frentes &#8211; Busca Ativa (a\u00e7\u00f5es com o objetivo de regularizar a frequ\u00eancia do estudante), Di\u00e1rio Escolar Digital (seu preenchimento pelos professores e especialistas \u00e9 essencial para a identifica\u00e7\u00e3o dos casos de infrequ\u00eancia, evas\u00e3o e abandono escolar) e Interven\u00e7\u00e3o Pedag\u00f3gica (a\u00e7\u00f5es com intuito de regularizar o aproveitamento do estudante) -, o plano abrange desde a preven\u00e7\u00e3o da infrequ\u00eancia at\u00e9 medidas para recuperar o aprendizado perdido durante esse per\u00edodo. Ele pode ser acessado\u00a0<a href=\"https:\/\/www.educacao.mg.gov.br\/wp-content\/uploads\/2023\/06\/Plano-de-Enfrentamento-ao-Abandono-e-a-Evasao-Escolar.pdf\" target=\"_blank\" rel=\"noopener noreferrer\" data-auth=\"NotApplicable\" data-linkindex=\"0\">neste link<\/a>.<\/p>\n<p>De acordo com dados coletados no sistema Monitora Busca Ativa, implementado na segunda onda do programa em 2023, considera-se que no 1\u00ba bimestre retornaram 71.603 (68,7% do p\u00fablico-alvo) e no 2\u00ba bimestre retornaram 114.329 (75,22%) estudantes infrequentes.<\/p>\n<p><strong>Plano de Recomposi\u00e7\u00e3o das Aprendizagens<\/strong><\/p>\n<p>O Plano de Recomposi\u00e7\u00e3o das Aprendizagens (PRA), implementado em 2023, tem como objetivo reduzir gradativamente as poss\u00edveis perdas de aprendizagem e recompor as habilidades necess\u00e1rias para que os estudantes prossigam em suas jornadas acad\u00eamicas sem lacunas, garantindo assim o direito \u00e0 aprendizagem.<\/p>\n<p>Por meio da forma\u00e7\u00e3o de N\u00facleos de Gest\u00e3o Pedag\u00f3gicos central e regional, as escolas foram orientadas quanto \u00e0 recomposi\u00e7\u00e3o e consolida\u00e7\u00e3o das habilidades n\u00e3o oferecidas durante a pandemia. Regulamentado pela Resolu\u00e7\u00e3o SEE n\u00ba 4.825\/2023, o PRA conta com tr\u00eas eixos: evas\u00e3o escolar, aspectos socioemocionais e lacunas de aprendizagem. Ele foi disponibilizado para todas as 3.427 escolas estaduais mineiras, sendo 379 institui\u00e7\u00f5es monitoradas sistematicamente, com visitas semanais para acompanhar a implementa\u00e7\u00e3o do Curr\u00edculo Refer\u00eancia de Minas Gerais (CRMG).<\/p>\n<p>Entre os meses de junho a agosto, o N\u00facleo Regional realizou mais de 20 mil visitas a escolas em toda a rede e 960 visitas a escolas contempladas, preenchendo formul\u00e1rios de Primeira Visita (Diagn\u00f3stico), Acompanhamento Semanal e Acompanhamento Mensal. Os Planos de A\u00e7\u00e3o foram desenvolvidos valorizando o hist\u00f3rico, a\u00e7\u00f5es anteriores e novas propostas, alinhados ao cat\u00e1logo de habilidades, documento que apresenta todas as habilidades a serem recompostas por componente curricular e ano de escolaridade, bem como a descri\u00e7\u00e3o de cada uma delas.<\/p>\n<p><strong>Agrupamento Tempor\u00e1rio Intermitente<\/strong><\/p>\n<p>Estrat\u00e9gia de interven\u00e7\u00e3o pedag\u00f3gica que teve in\u00edcio em agosto de 2023, o Agrupamento Tempor\u00e1rio Intermitente consiste em agrupar at\u00e9 cinco estudantes, temporariamente, em arranjos pedag\u00f3gicos fora da sala de aula para trabalhar habilidades espec\u00edficas de Matem\u00e1tica e L\u00edngua Portuguesa, com defasagem identificada ap\u00f3s avalia\u00e7\u00e3o. Neste modelo de agrupamento as aulas s\u00e3o ministradas por outro professor diferente do professor da turma. O agrupamento ocorre em outros espa\u00e7os escolares dispon\u00edveis dentro do hor\u00e1rio regular de aula.<\/p>\n<p><strong>Pr\u00eamio Escola Transforma\u00e7\u00e3o<\/strong><\/p>\n<p>O Pr\u00eamio Escola Transforma\u00e7\u00e3o tem proporcionado experi\u00eancias significativas, imers\u00f5es culturais e aprendizado diversificado aos estudantes das escolas premiadas. Em 2023, foram concedidos 1.029 pr\u00eamios a 899 escolas da rede estadual de ensino de Minas Gerais, totalizando um investimento superior a R$ 45 milh\u00f5es.<\/p>\n<p>A iniciativa tem por finalidade destacar publicamente pr\u00e1ticas e experi\u00eancias bem-sucedidas nas escolas estaduais, contribuindo para aprimorar a qualidade do ensino. A premia\u00e7\u00e3o \u00e9 destinada \u00e0s institui\u00e7\u00f5es que se destacaram positivamente em participa\u00e7\u00e3o, desempenho e fluxo escolar nos anos iniciais e finais do ensino fundamental, al\u00e9m do ensino m\u00e9dio.<\/p>\n<p><strong>Material de Apoio Pedag\u00f3gico de Aprendizagem<\/strong><\/p>\n<p>Para subsidiar as a\u00e7\u00f5es de fortalecimento das aprendizagens (Plano de Recomposi\u00e7\u00e3o das Aprendizagens, Refor\u00e7o Escolar e Agrupamento Tempor\u00e1rio Intermitente), foram elaborados, a partir do Material de Apoio Pedag\u00f3gico de Aprendizagem (Mapa), Cat\u00e1logos de Habilidades espec\u00edficas que foram trabalhados em cada um desses contextos. Nesse sentido, o Mapa instrumentalizou a rede e possibilitou o acesso ao curr\u00edculo de forma equitativa.<\/p>\n<p>O Mapa foi elaborado pela Escola de Forma\u00e7\u00e3o e Desenvolvimento Profissional de Educadores da SEE\/MG e \u00e9 um percurso composto pelo Curr\u00edculo Refer\u00eancia de Minas Gerais, o Plano de Curso, Cadernos Mapa, o jornal Lupa, o Se Liga na Educa\u00e7\u00e3o e o Plano de Aula do Professor.<\/p>\n<p><strong>Avalia\u00e7\u00f5es da rede<\/strong><\/p>\n<p>Em 2023, a rede estadual de ensino aplicou uma s\u00e9rie de avalia\u00e7\u00f5es de natureza formativa e somativa. Dentre as avalia\u00e7\u00f5es formativas aplicadas est\u00e3o:<\/p>\n<ul>\n<li dir=\"ltr\">\n<p dir=\"ltr\" role=\"presentation\">Avalia\u00e7\u00e3o Diagn\u00f3stica: abrange todas as \u00e1reas de conhecimento aos estudantes desde o 2\u00ba ano do ensino fundamental at\u00e9 o 3\u00ba ano do ensino m\u00e9dio. Com car\u00e1ter diagn\u00f3stico, tem o objetivo de identificar as lacunas de aprendizagem dos estudantes, levando em considera\u00e7\u00e3o as habilidades adquiridas no ano anterior. Mais de 1,3 milh\u00f5es de alunos participaram da avalia\u00e7\u00e3o.<\/p>\n<\/li>\n<\/ul>\n<ul>\n<li dir=\"ltr\">\n<p dir=\"ltr\" role=\"presentation\">Avalia\u00e7\u00e3o Intermedi\u00e1ria: tem como prop\u00f3sito identificar os progressos realizados pelos estudantes em compara\u00e7\u00e3o aos resultados obtidos na avalia\u00e7\u00e3o diagn\u00f3stica. Mantendo o mesmo patamar de engajamento dos alunos, mais de 1,3 milh\u00e3o de estudantes participaram da avalia\u00e7\u00e3o.<\/p>\n<\/li>\n<\/ul>\n<p>O resultado das avalia\u00e7\u00f5es permite analisar se os estudantes est\u00e3o na faixa adequada de aprendizagem. J\u00e1 em rela\u00e7\u00e3o \u00e0s avalia\u00e7\u00f5es somativas, no \u00e2mbito do Sistema Mineiro de Avalia\u00e7\u00e3o e Equidade da Educa\u00e7\u00e3o P\u00fablica (Simave), foram aplicados os seguintes testes:<\/p>\n<ul>\n<li dir=\"ltr\">\n<p dir=\"ltr\" role=\"presentation\">Programa de Avalia\u00e7\u00e3o da Alfabetiza\u00e7\u00e3o (Proalfa): avalia as habilidades de L\u00edngua Portuguesa (leitura e escrita) e Matem\u00e1tica do 2\u00ba ano do ensino fundamental da rede estadual e da rede municipal de ensino;<\/p>\n<\/li>\n<\/ul>\n<ul>\n<li dir=\"ltr\">\n<p dir=\"ltr\" role=\"presentation\">Programa de Avalia\u00e7\u00e3o da Rede P\u00fablica de Educa\u00e7\u00e3o B\u00e1sica (Proeb): avalia as habilidades de L\u00edngua Portuguesa e Matem\u00e1tica do 5\u00ba e 9\u00ba anos do ensino fundamental e o 3\u00ba ano do ensino m\u00e9dio da rede estadual e municipal de ensino.<\/p>\n<\/li>\n<\/ul>\n<ul>\n<li dir=\"ltr\">\n<p dir=\"ltr\" role=\"presentation\">Teste de Flu\u00eancia em Leitura: primeira aplica\u00e7\u00e3o na rede em 2023, avalia a flu\u00eancia em leitura dos estudantes do 2\u00ba ano do ensino fundamental, das redes municipais e estadual em Minas Gerais.<\/p>\n<\/li>\n<\/ul>\n<p>Os resultados dessas avalia\u00e7\u00f5es estar\u00e3o dispon\u00edveis a partir de mar\u00e7o de 2024 no\u00a0<a href=\"https:\/\/simave.educacao.mg.gov.br\/#!\/minhapagina\" target=\"_blank\" rel=\"noopener noreferrer\" data-auth=\"NotApplicable\" data-linkindex=\"1\">Portal Simave.<\/a><\/p>\n<p><strong>Lives tem\u00e1ticas<\/strong><\/p>\n<p>Ao longo do ano, a Secretaria de Estado de Educa\u00e7\u00e3o promoveu uma s\u00e9rie de lives tem\u00e1ticas com toda a rede estadual de ensino, que proporcionou uma comunica\u00e7\u00e3o mais assertiva e qualificada ao tratar de temas espec\u00edficos e de grande relev\u00e2ncia.<\/p>\n<p>A primeira delas aconteceu no per\u00edodo de recesso escolar, no dia 27\/7, e abordou o tema \u201c<a href=\"https:\/\/www.educacao.mg.gov.br\/educacao-esclarece-duvidas-sobre-uso-da-caixa-escolar-na-gestao-das-escolas-da-rede-estadual\/\" target=\"_blank\" rel=\"noopener noreferrer\" data-auth=\"NotApplicable\" data-linkindex=\"2\">Caixa Escolar \u2013 Execu\u00e7\u00e3o Financeira nas Escolas<\/a>\u201d, com o objetivo de sanar d\u00favidas sobre o uso adequado dos recursos destinados \u00e0 manuten\u00e7\u00e3o das escolas da rede estadual de Minas Gerais; Mapa-MG, Plano de Recomposi\u00e7\u00e3o das Aprendizagens e Saeb 2023 estiveram entre os temas abordados na segunda live, transmitida em 10\/8\u00a0com o tema \u201c<a href=\"https:\/\/www.educacao.mg.gov.br\/acoes-pedagogicas-sao-detalhadas-na-segunda-live-da-secretaria-de-educacao-com-comunidade-escolar\/\" target=\"_blank\" rel=\"noopener noreferrer\" data-auth=\"NotApplicable\" data-linkindex=\"3\">A\u00e7\u00f5es pedag\u00f3gicas da SEE\/MG<\/a>\u201d; a terceira, que aconteceu no dia 22\/8, com o t\u00edtulo \u201c<a href=\"https:\/\/www.educacao.mg.gov.br\/gestao-e-desenvolvimento-dos-servidores-sao-abordados-em-live-da-secretaria-de-educacao\/\" target=\"_blank\" rel=\"noopener noreferrer\" data-auth=\"NotApplicable\" data-linkindex=\"4\">Gest\u00e3o e Desenvolvimento dos Servidores da Educa\u00e7\u00e3o<\/a>\u201d, tinha o objetivo de abordar temas relativos ao aperfei\u00e7oamento e \u00e0 valoriza\u00e7\u00e3o dos servidores p\u00fablicos que atuam na rede estadual de ensino mineira; por fim, a \u00faltima live, em 5\/9, focou em \u201c<a href=\"https:\/\/www.educacao.mg.gov.br\/em-4a-live-tematica-secretaria-de-educacao-aborda-acoes-de-fortalecimento-da-rede-estadual\/\" target=\"_blank\" rel=\"noopener noreferrer\" data-auth=\"NotApplicable\" data-linkindex=\"5\">A\u00e7\u00f5es de Fortalecimento da Rede desenvolvidas pela Subsecretaria de Articula\u00e7\u00e3o Educacionais<\/a>\u201d e obteve a marca de 15 mil visualiza\u00e7\u00f5es. Todas elas est\u00e3o dispon\u00edveis no\u00a0<a href=\"https:\/\/www.youtube.com\/@estudioeducacaomg\" target=\"_blank\" rel=\"noopener noreferrer\" data-auth=\"NotApplicable\" data-linkindex=\"6\">canal Est\u00fadio Educa\u00e7\u00e3o MG<\/a>, no Youtube.<\/p>\n<p><strong>Visitas \u00e0s Regionais de Ensino<\/strong><\/p>\n<p>Ao longo dos \u00faltimos dois anos, equipes da Secretaria de Educa\u00e7\u00e3o, lideradas pelo secret\u00e1rio de Estado de Educa\u00e7\u00e3o, Igor de Alvarenga, visitaram as 47 Superintend\u00eancias Regionais de Ensino (SREs). Durante as viagens, o \u00f3rg\u00e3o central esteve reunido com aproximadamente 2,2 mil diretores escolares e visitou quase 60 escolas estaduais. O objetivo era conversar, escutar, e estabelecer metas de melhorias para a rede estadual de ensino, considerando as particularidades de cada regi\u00e3o. Para 2024, uma nova rodada de visitas est\u00e1 prevista, mas com um formato mais pr\u00f3ximo, com a participa\u00e7\u00e3o de professores e estudantes.<\/p>\n<p>Fonte: Ag\u00eancia Minas<\/p>\n","protected":false},"excerpt":{"rendered":"<p>Os desafios pedag\u00f3gicos enfrentados pela rede estadual de ensino s\u00e3o variados e demandam abordagens estrat\u00e9gicas para promover a qualidade e equidade na educa\u00e7\u00e3o. A diversidade de estudantes, com suas necessidades individuais, exige metodologias e estrat\u00e9gias de ensino flex\u00edveis e inclusivas. Em 2023, o\u00a0Governo de Minas, por meio da\u00a0Secretaria de Estado de Educa\u00e7\u00e3o de Minas Gerais [&hellip;]<\/p>\n","protected":false},"author":246,"featured_media":220489,"comment_status":"closed","ping_status":"closed","sticky":false,"template":"","format":"standard","meta":{"footnotes":""},"categories":[436,254,439],"tags":[],"class_list":["post-220488","post","type-post","status-publish","format-standard","has-post-thumbnail","hentry","category-destaque-da-semana","category-politica","category-ultima-hora"],"_links":{"self":[{"href":"https:\/\/diarioregionaldigital.com.br\/index.php?rest_route=\/wp\/v2\/posts\/220488","targetHints":{"allow":["GET"]}}],"collection":[{"href":"https:\/\/diarioregionaldigital.com.br\/index.php?rest_route=\/wp\/v2\/posts"}],"about":[{"href":"https:\/\/diarioregionaldigital.com.br\/index.php?rest_route=\/wp\/v2\/types\/post"}],"author":[{"embeddable":true,"href":"https:\/\/diarioregionaldigital.com.br\/index.php?rest_route=\/wp\/v2\/users\/246"}],"replies":[{"embeddable":true,"href":"https:\/\/diarioregionaldigital.com.br\/index.php?rest_route=%2Fwp%2Fv2%2Fcomments&post=220488"}],"version-history":[{"count":1,"href":"https:\/\/diarioregionaldigital.com.br\/index.php?rest_route=\/wp\/v2\/posts\/220488\/revisions"}],"predecessor-version":[{"id":220490,"href":"https:\/\/diarioregionaldigital.com.br\/index.php?rest_route=\/wp\/v2\/posts\/220488\/revisions\/220490"}],"wp:featuredmedia":[{"embeddable":true,"href":"https:\/\/diarioregionaldigital.com.br\/index.php?rest_route=\/wp\/v2\/media\/220489"}],"wp:attachment":[{"href":"https:\/\/diarioregionaldigital.com.br\/index.php?rest_route=%2Fwp%2Fv2%2Fmedia&parent=220488"}],"wp:term":[{"taxonomy":"category","embeddable":true,"href":"https:\/\/diarioregionaldigital.com.br\/index.php?rest_route=%2Fwp%2Fv2%2Fcategories&post=220488"},{"taxonomy":"post_tag","embeddable":true,"href":"https:\/\/diarioregionaldigital.com.br\/index.php?rest_route=%2Fwp%2Fv2%2Ftags&post=220488"}],"curies":[{"name":"wp","href":"https:\/\/api.w.org\/{rel}","templated":true}]}}