{"id":220485,"date":"2024-01-12T19:43:54","date_gmt":"2024-01-12T22:43:54","guid":{"rendered":"https:\/\/diarioregionaldigital.com.br\/?p=220485"},"modified":"2024-01-12T19:43:54","modified_gmt":"2024-01-12T22:43:54","slug":"ministerio-do-trabalho-atualiza-valores-do-seguro-desemprego-para-2024","status":"publish","type":"post","link":"https:\/\/diarioregionaldigital.com.br\/?p=220485","title":{"rendered":"Minist\u00e9rio do Trabalho atualiza valores do seguro-desemprego para 2024"},"content":{"rendered":"<p>O Minist\u00e9rio do Trabalho e Emprego atualizou a tabela anual do seguro-desemprego para 2024. A corre\u00e7\u00e3o levou em conta o\u00a0<a href=\"https:\/\/agenciabrasil.ebc.com.br\/economia\/noticia\/2024-01\/ipca-encerra-2023-com-alta-de-462-abaixo-do-teto-da-meta\" target=\"_blank\" rel=\"noopener\">\u00cdndice Nacional de Pre\u00e7os ao consumidor<\/a>\u00a0(INPC) de 2023, divulgado nesta quinta-feira (11) pelo Instituto Brasileiro de Geografia e Estat\u00edstica (IBGE), que foi de 3,71%.<img decoding=\"async\" src=\"https:\/\/agenciabrasil.ebc.com.br\/ebc.png?id=1576217&amp;o=node\" \/><img decoding=\"async\" src=\"https:\/\/agenciabrasil.ebc.com.br\/ebc.gif?id=1576217&amp;o=node\" \/><\/p>\n<p>A nova tabela para os trabalhadores que tiverem direito ao benef\u00edcio tamb\u00e9m entrou em vigor nessa quinta-feira (11).<\/p>\n<p>Com isso, o valor do benef\u00edcio seguro-desemprego n\u00e3o ser\u00e1 inferior ao valor correspondente do sal\u00e1rio m\u00ednimo vigente, R$ 1.412.<\/p>\n<p>J\u00e1 os trabalhadores que tenham recebido sal\u00e1rios m\u00e9dios acima de R$ 3.402,65 ter\u00e3o direito, invariavelmente, ao seguro-desemprego no valor de R$ 2.313,74.<\/p>\n<div class=\"dnd-widget-wrapper context-cheio_8colunas type-image\">\n<div class=\"dnd-atom-rendered\">\n<div class=\"shadow overflow-hidden rounded-lg d-block w-100\"><img decoding=\"async\" class=\"flex-fill img-cover\" title=\"Arte: Ag\u00eancia Brasil\" src=\"https:\/\/imagens.ebc.com.br\/nFZdAZMm1tmhtCrHUx3LlbCYRss=\/754x0\/smart\/https:\/\/agenciabrasil.ebc.com.br\/sites\/default\/files\/thumbnails\/image\/seguro_desemprego.jpg?itok=Kc2AzG7F\" alt=\"tabela seguro-desemprego. Arte: Ag\u00eancia Brasil\" \/><\/div>\n<\/div>\n<div class=\"dnd-caption-wrapper\">\n<div class=\"meta\">tabela seguro-desemprego. Arte: Ag\u00eancia Brasil &#8211;\u00a0<strong>Arte: Ag\u00eancia Brasil<\/p>\n<p><\/strong>Fonte: Ag\u00eancia Brasil<\/div>\n<\/div>\n<\/div>\n","protected":false},"excerpt":{"rendered":"<p>O Minist\u00e9rio do Trabalho e Emprego atualizou a tabela anual do seguro-desemprego para 2024. A corre\u00e7\u00e3o levou em conta o\u00a0\u00cdndice Nacional de Pre\u00e7os ao consumidor\u00a0(INPC) de 2023, divulgado nesta quinta-feira (11) pelo Instituto Brasileiro de Geografia e Estat\u00edstica (IBGE), que foi de 3,71%. A nova tabela para os trabalhadores que tiverem direito ao benef\u00edcio tamb\u00e9m [&hellip;]<\/p>\n","protected":false},"author":246,"featured_media":220486,"comment_status":"closed","ping_status":"closed","sticky":false,"template":"","format":"standard","meta":{"footnotes":""},"categories":[436,261,439],"tags":[],"class_list":["post-220485","post","type-post","status-publish","format-standard","has-post-thumbnail","hentry","category-destaque-da-semana","category-economia","category-ultima-hora"],"_links":{"self":[{"href":"https:\/\/diarioregionaldigital.com.br\/index.php?rest_route=\/wp\/v2\/posts\/220485","targetHints":{"allow":["GET"]}}],"collection":[{"href":"https:\/\/diarioregionaldigital.com.br\/index.php?rest_route=\/wp\/v2\/posts"}],"about":[{"href":"https:\/\/diarioregionaldigital.com.br\/index.php?rest_route=\/wp\/v2\/types\/post"}],"author":[{"embeddable":true,"href":"https:\/\/diarioregionaldigital.com.br\/index.php?rest_route=\/wp\/v2\/users\/246"}],"replies":[{"embeddable":true,"href":"https:\/\/diarioregionaldigital.com.br\/index.php?rest_route=%2Fwp%2Fv2%2Fcomments&post=220485"}],"version-history":[{"count":1,"href":"https:\/\/diarioregionaldigital.com.br\/index.php?rest_route=\/wp\/v2\/posts\/220485\/revisions"}],"predecessor-version":[{"id":220487,"href":"https:\/\/diarioregionaldigital.com.br\/index.php?rest_route=\/wp\/v2\/posts\/220485\/revisions\/220487"}],"wp:featuredmedia":[{"embeddable":true,"href":"https:\/\/diarioregionaldigital.com.br\/index.php?rest_route=\/wp\/v2\/media\/220486"}],"wp:attachment":[{"href":"https:\/\/diarioregionaldigital.com.br\/index.php?rest_route=%2Fwp%2Fv2%2Fmedia&parent=220485"}],"wp:term":[{"taxonomy":"category","embeddable":true,"href":"https:\/\/diarioregionaldigital.com.br\/index.php?rest_route=%2Fwp%2Fv2%2Fcategories&post=220485"},{"taxonomy":"post_tag","embeddable":true,"href":"https:\/\/diarioregionaldigital.com.br\/index.php?rest_route=%2Fwp%2Fv2%2Ftags&post=220485"}],"curies":[{"name":"wp","href":"https:\/\/api.w.org\/{rel}","templated":true}]}}