{"id":220482,"date":"2024-01-12T19:41:29","date_gmt":"2024-01-12T22:41:29","guid":{"rendered":"https:\/\/diarioregionaldigital.com.br\/?p=220482"},"modified":"2024-01-12T19:41:29","modified_gmt":"2024-01-12T22:41:29","slug":"petrobras-comeca-medicoes-eolicas-no-pre-sal-da-bacia-de-santos","status":"publish","type":"post","link":"https:\/\/diarioregionaldigital.com.br\/?p=220482","title":{"rendered":"Petrobras come\u00e7a medi\u00e7\u00f5es e\u00f3licas no pr\u00e9-sal da Bacia de Santos"},"content":{"rendered":"<p>As medi\u00e7\u00f5es e\u00f3licas em alto-mar, na regi\u00e3o do pr\u00e9-sal, come\u00e7aram a ser feitas pela Petrobras, Shell Brasil, TotalEnergies, CNPC e CNOOC e a Universidade Federal do Rio Grande do Sul (UFRGS). O Campo de B\u00fazios, na Bacia de Santos, foi o escolhido para a primeira coleta de dados. Durante o ano, a previs\u00e3o \u00e9 que o mesmo trabalho seja feito no Campo de Mero.\u00a0<img decoding=\"async\" src=\"https:\/\/agenciabrasil.ebc.com.br\/ebc.png?id=1576302&amp;o=node\" \/><img decoding=\"async\" src=\"https:\/\/agenciabrasil.ebc.com.br\/ebc.gif?id=1576302&amp;o=node\" \/><\/p>\n<p>A pesquisa faz parte do Projeto Ventos de Libra, que recebeu R$ 8 milh\u00f5es em investimentos. Al\u00e9m do desenvolvimento de tecnologias para os estudos, est\u00e3o previstos a cria\u00e7\u00e3o de metodologias para analisar os ventos e uma avalia\u00e7\u00e3o sobre a viabilidade t\u00e9cnica de instala\u00e7\u00e3o das e\u00f3licas. Por meio do projeto, ser\u00e1 poss\u00edvel subsidiar projetos futuros de e\u00f3lica offshore no pr\u00e9-sal.<\/p>\n<p>\u201cTrata-se de mais uma iniciativa com vi\u00e9s de desenvolvermos conhecimento e capacita\u00e7\u00e3o no segmento de e\u00f3licas offshore, de grande potencial no Brasil, desta vez com envolvimento de importantes parceiros no pr\u00e9-sal e do setor acad\u00eamico, representado por institui\u00e7\u00f5es de renome\u201d, disse Jean Paul Prates, presidente da Petrobras.<\/p>\n<p>Um passo importante do projeto \u00e9 a capacidade de aprimorar modelos, para reduzir os riscos na implanta\u00e7\u00e3o da tecnologia e\u00f3lica flutuante em regi\u00f5es de \u00e1guas profundas. Nas etapas seguintes, ser\u00e1 avaliada a possibilidade de implantar turbinas e\u00f3licas associadas aos sistemas de produ\u00e7\u00e3o de \u00f3leo e g\u00e1s.<\/p>\n<p>\u201cOs projetos e\u00f3licos offshore consistem em um grande desafio cient\u00edfico e tecnol\u00f3gico, ampliado pelas condi\u00e7\u00f5es que se apresentam na regi\u00e3o do pr\u00e9-sal, a cerca de 200 km da costa, em profundidades d\u00b4\u00e1gua de at\u00e9 2 mil metros\u201d, explicou Joelson Mendes, diretor de Explora\u00e7\u00e3o e Produ\u00e7\u00e3o da Petrobras.<\/p>\n<p>\u201cProjetos dessa natureza podem indicar potenciais caminhos para continuarmos avan\u00e7ando na descarboniza\u00e7\u00e3o das nossas atividades, em linha com o que j\u00e1 anunciamos no nosso Plano Estrat\u00e9gico\u201d, destacou Maur\u00edcio Tolmasquim, diretor de Transi\u00e7\u00e3o Energ\u00e9tica e Sustentabilidade da estatal.<\/p>\n<h2>Potencial e\u00f3lico<\/h2>\n<p>A esta\u00e7\u00e3o de medi\u00e7\u00e3o de ventos est\u00e1 instalada no navio-plataforma P-75, uma unidade flutuante que produz, armazena e transporta petr\u00f3leo. A estatal explicou que a tecnologia \u00e9 baseada em um sistema de medi\u00e7\u00f5es de sensoriamento remoto do tipo Lidar (Light Detection and Ranging). Os dados v\u00e3o ser transmitidos diretamente para o Centro de Pesquisas, Desenvolvimento e Inova\u00e7\u00e3o da Petrobras (Cenpes) e ser\u00e3o avaliados por um per\u00edodo de 3 anos.<\/p>\n<p>\u201cAs campanhas de medi\u00e7\u00e3o n\u00e3o s\u00e3o novidade para a Petrobras. H\u00e1 uma d\u00e9cada a empresa iniciou estudos de viabilidade para implanta\u00e7\u00e3o da atividade e\u00f3lica offshore, com a instala\u00e7\u00e3o da primeira torre anemom\u00e9trica, capaz de medir caracter\u00edsticas do vento, no mar do Brasil, em uma plataforma instalada em \u00e1guas rasas no litoral do estado do Rio Grande do Norte\u201d, lembra Carlos Travassos, diretor de Engenharia e Tecnologia e inova\u00e7\u00e3o da Petrobras.<\/p>\n<p>O projeto Ventos de Libra \u00e9 liderado pela engenheira Cristiane Lodi, que coordena o projeto pela Petrobras e pelo Cons\u00f3rcio de Libra, e a professora Adriane Prisco Petry, da UFRGS, que coordena o N\u00facleo de Integra\u00e7\u00e3o de Estudos, Pesquisa e Inova\u00e7\u00e3o em Energia E\u00f3lica (Niepiee). O cons\u00f3rcio \u00e9 operado pela Petrobras (38,6%) em parceria com a Shell Brasil (19,3%), TotalEnergies (19,3%), CNPC (9,65%), CNOOC (9,65%) e Pr\u00e9-Sal Petr\u00f3leo S.A. \u2013 PPSA (3,5%).<\/p>\n<p>Fonte: Ag\u00eancia Brasil<\/p>\n","protected":false},"excerpt":{"rendered":"<p>As medi\u00e7\u00f5es e\u00f3licas em alto-mar, na regi\u00e3o do pr\u00e9-sal, come\u00e7aram a ser feitas pela Petrobras, Shell Brasil, TotalEnergies, CNPC e CNOOC e a Universidade Federal do Rio Grande do Sul (UFRGS). O Campo de B\u00fazios, na Bacia de Santos, foi o escolhido para a primeira coleta de dados. Durante o ano, a previs\u00e3o \u00e9 que [&hellip;]<\/p>\n","protected":false},"author":246,"featured_media":220483,"comment_status":"closed","ping_status":"closed","sticky":false,"template":"","format":"standard","meta":{"footnotes":""},"categories":[436,261,439],"tags":[],"class_list":["post-220482","post","type-post","status-publish","format-standard","has-post-thumbnail","hentry","category-destaque-da-semana","category-economia","category-ultima-hora"],"_links":{"self":[{"href":"https:\/\/diarioregionaldigital.com.br\/index.php?rest_route=\/wp\/v2\/posts\/220482","targetHints":{"allow":["GET"]}}],"collection":[{"href":"https:\/\/diarioregionaldigital.com.br\/index.php?rest_route=\/wp\/v2\/posts"}],"about":[{"href":"https:\/\/diarioregionaldigital.com.br\/index.php?rest_route=\/wp\/v2\/types\/post"}],"author":[{"embeddable":true,"href":"https:\/\/diarioregionaldigital.com.br\/index.php?rest_route=\/wp\/v2\/users\/246"}],"replies":[{"embeddable":true,"href":"https:\/\/diarioregionaldigital.com.br\/index.php?rest_route=%2Fwp%2Fv2%2Fcomments&post=220482"}],"version-history":[{"count":1,"href":"https:\/\/diarioregionaldigital.com.br\/index.php?rest_route=\/wp\/v2\/posts\/220482\/revisions"}],"predecessor-version":[{"id":220484,"href":"https:\/\/diarioregionaldigital.com.br\/index.php?rest_route=\/wp\/v2\/posts\/220482\/revisions\/220484"}],"wp:featuredmedia":[{"embeddable":true,"href":"https:\/\/diarioregionaldigital.com.br\/index.php?rest_route=\/wp\/v2\/media\/220483"}],"wp:attachment":[{"href":"https:\/\/diarioregionaldigital.com.br\/index.php?rest_route=%2Fwp%2Fv2%2Fmedia&parent=220482"}],"wp:term":[{"taxonomy":"category","embeddable":true,"href":"https:\/\/diarioregionaldigital.com.br\/index.php?rest_route=%2Fwp%2Fv2%2Fcategories&post=220482"},{"taxonomy":"post_tag","embeddable":true,"href":"https:\/\/diarioregionaldigital.com.br\/index.php?rest_route=%2Fwp%2Fv2%2Ftags&post=220482"}],"curies":[{"name":"wp","href":"https:\/\/api.w.org\/{rel}","templated":true}]}}