{"id":220479,"date":"2024-01-12T19:39:47","date_gmt":"2024-01-12T22:39:47","guid":{"rendered":"https:\/\/diarioregionaldigital.com.br\/?p=220479"},"modified":"2024-01-12T19:39:47","modified_gmt":"2024-01-12T22:39:47","slug":"dolar-cai-para-r-485-e-atinge-menor-valor-do-ano","status":"publish","type":"post","link":"https:\/\/diarioregionaldigital.com.br\/?p=220479","title":{"rendered":"D\u00f3lar cai para R$ 4,85 e atinge menor valor do ano"},"content":{"rendered":"<p>Num dia de otimismo no mercado internacional, o d\u00f3lar caiu pela segunda vez seguida e atingiu o menor valor do ano. A bolsa de valores interrompeu uma sequ\u00eancia de tr\u00eas quedas e fechou em leve alta. O d\u00f3lar comercial encerrou esta sexta-feira (12) vendido a R$ 4,857, com queda de R$ 0,034 (-0,37%). A cota\u00e7\u00e3o chegou a abrir em alta, mas inverteu o movimento e passou a cair ap\u00f3s a abertura dos mercados norte-americanos. Na m\u00ednima do dia, por volta das 11h45, a moeda chegou a ser vendida a R$ 4,83.<img decoding=\"async\" src=\"https:\/\/agenciabrasil.ebc.com.br\/ebc.png?id=1576313&amp;o=node\" \/><img decoding=\"async\" src=\"https:\/\/agenciabrasil.ebc.com.br\/ebc.gif?id=1576313&amp;o=node\" \/><\/p>\n<p>Com o desempenho desta sexta, a moeda norte-americana atingiu o menor n\u00edvel desde 28 de dezembro. Em janeiro, por\u00e9m, a divisa acumula pequena valoriza\u00e7\u00e3o de 0,08%.<\/p>\n<p>No mercado de a\u00e7\u00f5es, a sess\u00e3o teve ganhos. O \u00edndice Ibovespa, da B3, fechou aos 130.988 pontos, com avan\u00e7o de 0,26%, impulsionado por a\u00e7\u00f5es de petroleiras e mineradoras. Apesar da alta desta sexta, o indicador fechou a semana com perda de 0,72%.<\/p>\n<p>A divulga\u00e7\u00e3o de dados econ\u00f4micos contradit\u00f3rios nos Estados Unidos trouxe turbul\u00eancias ao mercado global nesta semana. Na quinta-feira (11), a infla\u00e7\u00e3o ao consumidor na economia norte-americana ficou acima do esperado, mas, nesta sexta, a infla\u00e7\u00e3o ao produtor veio abaixo das expectativas.<\/p>\n<p>Os n\u00fameros da infla\u00e7\u00e3o ao consumidor tinham feito os investidores globais apostarem que o Federal Reserve (Fed, Banco Central norte-americano) s\u00f3 come\u00e7ar\u00e1 a cortar os juros da maior economia do planeta em maio. No entanto, os dados da infla\u00e7\u00e3o ao produtor aumentaram a chance de que as redu\u00e7\u00f5es comecem em mar\u00e7o. Taxas mais baixas em economias avan\u00e7adas atraem capitais para pa\u00edses emergentes, como o Brasil, empurrando o d\u00f3lar para baixo e a bolsa para cima.<\/p>\n<p>Fonte: Reuters<\/p>\n","protected":false},"excerpt":{"rendered":"<p>Num dia de otimismo no mercado internacional, o d\u00f3lar caiu pela segunda vez seguida e atingiu o menor valor do ano. A bolsa de valores interrompeu uma sequ\u00eancia de tr\u00eas quedas e fechou em leve alta. O d\u00f3lar comercial encerrou esta sexta-feira (12) vendido a R$ 4,857, com queda de R$ 0,034 (-0,37%). A cota\u00e7\u00e3o [&hellip;]<\/p>\n","protected":false},"author":246,"featured_media":220480,"comment_status":"closed","ping_status":"closed","sticky":false,"template":"","format":"standard","meta":{"footnotes":""},"categories":[436,261,439],"tags":[],"class_list":["post-220479","post","type-post","status-publish","format-standard","has-post-thumbnail","hentry","category-destaque-da-semana","category-economia","category-ultima-hora"],"_links":{"self":[{"href":"https:\/\/diarioregionaldigital.com.br\/index.php?rest_route=\/wp\/v2\/posts\/220479","targetHints":{"allow":["GET"]}}],"collection":[{"href":"https:\/\/diarioregionaldigital.com.br\/index.php?rest_route=\/wp\/v2\/posts"}],"about":[{"href":"https:\/\/diarioregionaldigital.com.br\/index.php?rest_route=\/wp\/v2\/types\/post"}],"author":[{"embeddable":true,"href":"https:\/\/diarioregionaldigital.com.br\/index.php?rest_route=\/wp\/v2\/users\/246"}],"replies":[{"embeddable":true,"href":"https:\/\/diarioregionaldigital.com.br\/index.php?rest_route=%2Fwp%2Fv2%2Fcomments&post=220479"}],"version-history":[{"count":1,"href":"https:\/\/diarioregionaldigital.com.br\/index.php?rest_route=\/wp\/v2\/posts\/220479\/revisions"}],"predecessor-version":[{"id":220481,"href":"https:\/\/diarioregionaldigital.com.br\/index.php?rest_route=\/wp\/v2\/posts\/220479\/revisions\/220481"}],"wp:featuredmedia":[{"embeddable":true,"href":"https:\/\/diarioregionaldigital.com.br\/index.php?rest_route=\/wp\/v2\/media\/220480"}],"wp:attachment":[{"href":"https:\/\/diarioregionaldigital.com.br\/index.php?rest_route=%2Fwp%2Fv2%2Fmedia&parent=220479"}],"wp:term":[{"taxonomy":"category","embeddable":true,"href":"https:\/\/diarioregionaldigital.com.br\/index.php?rest_route=%2Fwp%2Fv2%2Fcategories&post=220479"},{"taxonomy":"post_tag","embeddable":true,"href":"https:\/\/diarioregionaldigital.com.br\/index.php?rest_route=%2Fwp%2Fv2%2Ftags&post=220479"}],"curies":[{"name":"wp","href":"https:\/\/api.w.org\/{rel}","templated":true}]}}