{"id":220452,"date":"2024-01-10T19:43:05","date_gmt":"2024-01-10T22:43:05","guid":{"rendered":"https:\/\/diarioregionaldigital.com.br\/?p=220452"},"modified":"2024-01-10T19:45:09","modified_gmt":"2024-01-10T22:45:09","slug":"edital-de-convocacao-2023-prestacao-de-contas","status":"publish","type":"post","link":"https:\/\/diarioregionaldigital.com.br\/?p=220452","title":{"rendered":"EDITAL DE CONVOCA\u00c7\u00c3O 2023 PRESTA\u00c7\u00c3O DE CONTAS &#8211; 10\/01\/2024"},"content":{"rendered":"<p style=\"text-align: center;\">EDITAL DE CONVOCA\u00c7\u00c3O<\/p>\n<p style=\"text-align: center;\">ASSEMBLEIA GERAL ORDIN\u00c1RIA<\/p>\n<p style=\"text-align: center;\">O Presidente do Sindicato dos Trabalhadores nas Ind\u00fastrias Metal\u00fargicas de Juiz de Fora e Regi\u00e3o, no uso das suas atribui\u00e7\u00f5es que lhe conferem o Estatuto Social da Entidade, CONVOCA os associados quites e em condi\u00e7\u00f5es de votar, para participarem da Assembleia Geral Ordin\u00e1ria, no dia 12 de janeiro de 2024, em PRIMEIRA CONVOCA\u00c7\u00c3O, \u00e0s 16 (dezesseis) horas, e em SEGUNDA CONVOCA\u00c7\u00c3O \u00e0s 17 (dezessete) horas, na sede do Sindicato dos Trabalhadores nas Ind\u00fastrias Metal\u00fargicas de Juiz de Fora e Regi\u00e3o, na Rua Floriano Peixoto N\u00b072, Bairro Centro, Cep 36013-080 nesta cidade, quando se deliberar\u00e1 sobre a seguinte ordem do dia: a) aprecia\u00e7\u00e3o e vota\u00e7\u00e3o da Presta\u00e7\u00e3o de Contas referente ao ano de 2023.<\/p>\n<p style=\"text-align: center;\">Juiz de fora, 10 de janeiro de 2024.<\/p>\n<p style=\"text-align: center;\">Joao Cesar da Silva<\/p>\n<p style=\"text-align: center;\">Presidente do Sindicato dos Trabalhadores nas Ind\u00fastrias Metal\u00fargicas de Juiz de Fora e Regi\u00e3o<\/p>\n","protected":false},"excerpt":{"rendered":"<p>EDITAL DE CONVOCA\u00c7\u00c3O ASSEMBLEIA GERAL ORDIN\u00c1RIA O Presidente do Sindicato dos Trabalhadores nas Ind\u00fastrias Metal\u00fargicas de Juiz de Fora e Regi\u00e3o, no uso das suas atribui\u00e7\u00f5es que lhe conferem o Estatuto Social da Entidade, CONVOCA os associados quites e em condi\u00e7\u00f5es de votar, para participarem da Assembleia Geral Ordin\u00e1ria, no dia 12 de janeiro de [&hellip;]<\/p>\n","protected":false},"author":246,"featured_media":0,"comment_status":"closed","ping_status":"closed","sticky":false,"template":"","format":"standard","meta":{"footnotes":""},"categories":[307],"tags":[],"class_list":["post-220452","post","type-post","status-publish","format-standard","hentry","category-editais"],"_links":{"self":[{"href":"https:\/\/diarioregionaldigital.com.br\/index.php?rest_route=\/wp\/v2\/posts\/220452","targetHints":{"allow":["GET"]}}],"collection":[{"href":"https:\/\/diarioregionaldigital.com.br\/index.php?rest_route=\/wp\/v2\/posts"}],"about":[{"href":"https:\/\/diarioregionaldigital.com.br\/index.php?rest_route=\/wp\/v2\/types\/post"}],"author":[{"embeddable":true,"href":"https:\/\/diarioregionaldigital.com.br\/index.php?rest_route=\/wp\/v2\/users\/246"}],"replies":[{"embeddable":true,"href":"https:\/\/diarioregionaldigital.com.br\/index.php?rest_route=%2Fwp%2Fv2%2Fcomments&post=220452"}],"version-history":[{"count":4,"href":"https:\/\/diarioregionaldigital.com.br\/index.php?rest_route=\/wp\/v2\/posts\/220452\/revisions"}],"predecessor-version":[{"id":220457,"href":"https:\/\/diarioregionaldigital.com.br\/index.php?rest_route=\/wp\/v2\/posts\/220452\/revisions\/220457"}],"wp:attachment":[{"href":"https:\/\/diarioregionaldigital.com.br\/index.php?rest_route=%2Fwp%2Fv2%2Fmedia&parent=220452"}],"wp:term":[{"taxonomy":"category","embeddable":true,"href":"https:\/\/diarioregionaldigital.com.br\/index.php?rest_route=%2Fwp%2Fv2%2Fcategories&post=220452"},{"taxonomy":"post_tag","embeddable":true,"href":"https:\/\/diarioregionaldigital.com.br\/index.php?rest_route=%2Fwp%2Fv2%2Ftags&post=220452"}],"curies":[{"name":"wp","href":"https:\/\/api.w.org\/{rel}","templated":true}]}}