{"id":220448,"date":"2024-01-10T01:10:31","date_gmt":"2024-01-10T04:10:31","guid":{"rendered":"https:\/\/diarioregionaldigital.com.br\/?p=220448"},"modified":"2024-01-10T01:10:31","modified_gmt":"2024-01-10T04:10:31","slug":"pagamento-a-vista-do-iptu-2024-com-10-de-desconto-podera-ser-realizado-a-partir-desta-terca-9","status":"publish","type":"post","link":"https:\/\/diarioregionaldigital.com.br\/?p=220448","title":{"rendered":"Pagamento \u00e0 vista do IPTU 2024, com 10% de desconto, poder\u00e1 ser realizado a partir desta ter\u00e7a, 9"},"content":{"rendered":"<p>Segundo informa\u00e7\u00f5es do site da Prefeitura de Juiz de Fora (PJF), os cidad\u00e3os que desejam pagar o Imposto Predial e Territorial Urbano (IPTU) \u00e0 vista, em 2024, poder\u00e3o faz\u00ea-lo a partir desta ter\u00e7a-feira, 9, at\u00e9 o dia 2 de fevereiro. Neste ano o percentual de desconto ser\u00e1 de 10%.<\/p>\n<p>De acordo com a secret\u00e1ria da Fazenda, Fernanda Finotti, \u201co IPTU foi corrigido pelo \u00cdndice Nacional de Pre\u00e7os ao Consumidor Amplo (IPCA), que tem por objetivo principal medir a infla\u00e7\u00e3o de uma s\u00e9rie de produtos vendidos no com\u00e9rcio e varejo. Quem pagar \u00e0 vista at\u00e9 o dia 2 de fevereiro vai ganhar um grande desconto. A infla\u00e7\u00e3o foi 4,68% e temos 10% de desconto, ganhamos 5,32% acima da infla\u00e7\u00e3o&#8221;.<\/p>\n<p>Para a quita\u00e7\u00e3o total, o cidad\u00e3o precisar\u00e1 apenas acessar o boleto por este link. Quem desejar pagar parcelado receber\u00e1 o carn\u00ea em sua resid\u00eancia a partir do m\u00eas de mar\u00e7o, ou ent\u00e3o poder\u00e1 acessar a\u00a0<a href=\"https:\/\/www.pjf.mg.gov.br\/\"><strong>p\u00e1gina da Prefeitura de Juiz de Fora (PJF)<\/strong><\/a>\u00a0no campo\u00a0<a href=\"https:\/\/tributos4.pjf.mg.gov.br\/iptu\/\"><strong>IPTU online<\/strong><\/a>\u00a0(que est\u00e1 em verde, na lateral direita do site). O site estar\u00e1 dispon\u00edvel a partir 12h.\u00a0O vencimento da cota \u00fanica sem desconto, e tamb\u00e9m da primeira parcela, \u00e9 dia 20\/03\/2024.<\/p>\n<p>Para o cidad\u00e3o que n\u00e3o conseguir acessar ao seu boleto ou tiver dificuldades no acesso \u00e0 internet, a Prefeitura oferece atendimento presencial nas sedes do Departamento de Informa\u00e7\u00e3o Geral e Atendimento (Diga), nos seguintes endere\u00e7os e telefones:<\/p>\n<p>Diga | Centro<\/p>\n<p>Avenida Bar\u00e3o do Rio Branco, 1843 (2\u00b0 andar) &#8211; (32) 2104-8531<\/p>\n<div id=\"box_texto_noticia\">\n<p>Pr\u00e9dio-Sede da Prefeitura de Juiz de Fora &#8211; Avenida Brasil, 2001<\/p>\n<p>PAM Marechal &#8211; Rua Marechal Deodoro, 496<\/p>\n<p>Procon &#8211; Avenida Presidente Itamar Franco, 992<\/p>\n<p>Diga | Sul &#8211; Rua Porto das Flores, 276 &#8211; Santa Luzia<\/p>\n<p>Diga | Centro\/ Sul &#8211; Rua S\u00e3o Mateus, 300 &#8211; S\u00e3o Mateus &#8211; (32) 2104-7063<\/p>\n<p>Diga | Norte &#8211; Avenida Presidente Juscelino Kubitschek, 900 (Loja 14) &#8211; Francisco Bernardino (Moinho) &#8211; (32) 3690-7635 \/ Rua In\u00eas Garcia, 357 &#8211; Benfica<\/p>\n<p>Diga | Nordeste &#8211; Avenida Rui Barbosa, 530 &#8211; Santa Terezinha<\/p>\n<p>Diga | Oeste &#8211; Avenida Presidente Costa e Silva, 2066 &#8211; S\u00e3o Pedro &#8211; (32) 3690-8285<br \/>\n<strong>Pagamento em duplicidade<\/strong><\/p>\n<p>Caso o contribuinte efetue o pagamento em duplicidade, dever\u00e1 solicitar a compensa\u00e7\u00e3o ou a restitui\u00e7\u00e3o do valor atrav\u00e9s da\u00a0<a href=\"https:\/\/www.pjf.mg.gov.br\/agil\/\"><strong>Plataforma Prefeitura \u00c1gil<\/strong><\/a>, e selecionar o assunto \u201cCompensa\u00e7\u00e3o de Pagamento Indevido de IPTU\/TCRS\/CCSIP\u201d, no caso de transfer\u00eancias entre inscri\u00e7\u00f5es distintas, ou \u201cTransfer\u00eancia de Pagamento Indevido de IPTU\/TCRS\/CCSIP\u201d no caso de transfer\u00eancias entre parcelas de uma mesma inscri\u00e7\u00e3o.<\/p>\n<p>Para os casos de restitui\u00e7\u00e3o do valor pago em duplicidade, o protocolo ser\u00e1 \u201cRestitui\u00e7\u00e3o de Pagamento Indevido de IPTU\/TCRS\/CCSIP\u201d.<\/p><\/div>\n<p>&nbsp;<\/p>\n<div id=\"box_compartilhar\" align=\"right\"><\/div>\n","protected":false},"excerpt":{"rendered":"<p>Segundo informa\u00e7\u00f5es do site da Prefeitura de Juiz de Fora (PJF), os cidad\u00e3os que desejam pagar o Imposto Predial e Territorial Urbano (IPTU) \u00e0 vista, em 2024, poder\u00e3o faz\u00ea-lo a partir desta ter\u00e7a-feira, 9, at\u00e9 o dia 2 de fevereiro. Neste ano o percentual de desconto ser\u00e1 de 10%. De acordo com a secret\u00e1ria da [&hellip;]<\/p>\n","protected":false},"author":246,"featured_media":220449,"comment_status":"closed","ping_status":"closed","sticky":false,"template":"","format":"standard","meta":{"footnotes":""},"categories":[253,436,439],"tags":[],"class_list":["post-220448","post","type-post","status-publish","format-standard","has-post-thumbnail","hentry","category-cidade","category-destaque-da-semana","category-ultima-hora"],"_links":{"self":[{"href":"https:\/\/diarioregionaldigital.com.br\/index.php?rest_route=\/wp\/v2\/posts\/220448","targetHints":{"allow":["GET"]}}],"collection":[{"href":"https:\/\/diarioregionaldigital.com.br\/index.php?rest_route=\/wp\/v2\/posts"}],"about":[{"href":"https:\/\/diarioregionaldigital.com.br\/index.php?rest_route=\/wp\/v2\/types\/post"}],"author":[{"embeddable":true,"href":"https:\/\/diarioregionaldigital.com.br\/index.php?rest_route=\/wp\/v2\/users\/246"}],"replies":[{"embeddable":true,"href":"https:\/\/diarioregionaldigital.com.br\/index.php?rest_route=%2Fwp%2Fv2%2Fcomments&post=220448"}],"version-history":[{"count":1,"href":"https:\/\/diarioregionaldigital.com.br\/index.php?rest_route=\/wp\/v2\/posts\/220448\/revisions"}],"predecessor-version":[{"id":220450,"href":"https:\/\/diarioregionaldigital.com.br\/index.php?rest_route=\/wp\/v2\/posts\/220448\/revisions\/220450"}],"wp:featuredmedia":[{"embeddable":true,"href":"https:\/\/diarioregionaldigital.com.br\/index.php?rest_route=\/wp\/v2\/media\/220449"}],"wp:attachment":[{"href":"https:\/\/diarioregionaldigital.com.br\/index.php?rest_route=%2Fwp%2Fv2%2Fmedia&parent=220448"}],"wp:term":[{"taxonomy":"category","embeddable":true,"href":"https:\/\/diarioregionaldigital.com.br\/index.php?rest_route=%2Fwp%2Fv2%2Fcategories&post=220448"},{"taxonomy":"post_tag","embeddable":true,"href":"https:\/\/diarioregionaldigital.com.br\/index.php?rest_route=%2Fwp%2Fv2%2Ftags&post=220448"}],"curies":[{"name":"wp","href":"https:\/\/api.w.org\/{rel}","templated":true}]}}