{"id":220442,"date":"2024-01-10T01:08:45","date_gmt":"2024-01-10T04:08:45","guid":{"rendered":"https:\/\/diarioregionaldigital.com.br\/?p=220442"},"modified":"2024-01-10T01:08:45","modified_gmt":"2024-01-10T04:08:45","slug":"dia-mundial-do-queijo-tera-visita-guiada-no-instituto-de-laticinios-candido-tostes","status":"publish","type":"post","link":"https:\/\/diarioregionaldigital.com.br\/?p=220442","title":{"rendered":"Dia mundial do queijo ter\u00e1 visita guiada no Instituto de Latic\u00ednios C\u00e2ndido Tostes"},"content":{"rendered":"<p>Segundo informa\u00e7\u00f5es do site da Prefeitura de Juiz de Fora (PJF), um tour gratuito pelo Instituto de Latic\u00ednios C\u00e2ndido Tostes (ILCT) acontecer\u00e1 na sexta-feira, 19, \u00e0s 14h, como parte da programa\u00e7\u00e3o do Dia Mundial do Queijo. A ideia \u00e9 proporcionar a 20 moradores e turistas a oportunidade de conhecer as instala\u00e7\u00f5es da primeira escola de latic\u00ednios da Am\u00e9rica Latina, com 88 anos de tradi\u00e7\u00e3o e hist\u00f3ria. A programa\u00e7\u00e3o \u00e9 coordenada pela Secretaria de Turismo (Setur) da Prefeitura de Juiz de Fora (PJF), em parceria com a EPAMIG ILCT.<\/p>\n<div><\/div>\n<div>Os ingressos est\u00e3o dispon\u00edveis na\u00a0<a href=\"https:\/\/www.sympla.com.br\/caminhando-pela-historia---dia-mundial-de-queijo__2296744\"><strong>plataforma Sympla<\/strong><\/a>. Podem participar pessoas de todas as idades, mas crian\u00e7as devem estar acompanhadas de um dos respons\u00e1veis legais (pai ou m\u00e3e). O ponto de encontro ser\u00e1 em frente ao Instituto, localizado na Rua Tenente Lu\u00eds de Freitas, 116, Santa Terezinha.<\/div>\n<div><\/div>\n<div>O passeio ter\u00e1 dura\u00e7\u00e3o de at\u00e9 duas horas e ser\u00e1 guiado por profissionais do ILCT que apresentar\u00e3o a F\u00e1brica Escola, onde s\u00e3o produzidos queijos minas padr\u00e3o, mussarela, frescal, prato, requeij\u00e3o , queijo fundido, iogurte de morango e doce de leite pastoso. O objetivo da visita \u00e9 mostrar as potencialidades tur\u00edsticas de Juiz de Fora, realizar uma sensibiliza\u00e7\u00e3o para fortalecer o turismo dom\u00e9stico e atrair novos visitantes.<\/div>\n<div><\/div>\n<div>Al\u00e9m da caminhada, a Secretaria de Desenvolvimento Sustent\u00e1vel e Inclusivo, da Inova\u00e7\u00e3o e Competitividade (Sedic), est\u00e1 preparando outras atividades para comemorar o Dia Mundial do Queijo. A programa\u00e7\u00e3o completa ser\u00e1 divulgada ao longo desta semana.<\/div>\n","protected":false},"excerpt":{"rendered":"<p>Segundo informa\u00e7\u00f5es do site da Prefeitura de Juiz de Fora (PJF), um tour gratuito pelo Instituto de Latic\u00ednios C\u00e2ndido Tostes (ILCT) acontecer\u00e1 na sexta-feira, 19, \u00e0s 14h, como parte da programa\u00e7\u00e3o do Dia Mundial do Queijo. A ideia \u00e9 proporcionar a 20 moradores e turistas a oportunidade de conhecer as instala\u00e7\u00f5es da primeira escola de [&hellip;]<\/p>\n","protected":false},"author":246,"featured_media":220443,"comment_status":"closed","ping_status":"closed","sticky":false,"template":"","format":"standard","meta":{"footnotes":""},"categories":[253,436,439],"tags":[],"class_list":["post-220442","post","type-post","status-publish","format-standard","has-post-thumbnail","hentry","category-cidade","category-destaque-da-semana","category-ultima-hora"],"_links":{"self":[{"href":"https:\/\/diarioregionaldigital.com.br\/index.php?rest_route=\/wp\/v2\/posts\/220442","targetHints":{"allow":["GET"]}}],"collection":[{"href":"https:\/\/diarioregionaldigital.com.br\/index.php?rest_route=\/wp\/v2\/posts"}],"about":[{"href":"https:\/\/diarioregionaldigital.com.br\/index.php?rest_route=\/wp\/v2\/types\/post"}],"author":[{"embeddable":true,"href":"https:\/\/diarioregionaldigital.com.br\/index.php?rest_route=\/wp\/v2\/users\/246"}],"replies":[{"embeddable":true,"href":"https:\/\/diarioregionaldigital.com.br\/index.php?rest_route=%2Fwp%2Fv2%2Fcomments&post=220442"}],"version-history":[{"count":1,"href":"https:\/\/diarioregionaldigital.com.br\/index.php?rest_route=\/wp\/v2\/posts\/220442\/revisions"}],"predecessor-version":[{"id":220444,"href":"https:\/\/diarioregionaldigital.com.br\/index.php?rest_route=\/wp\/v2\/posts\/220442\/revisions\/220444"}],"wp:featuredmedia":[{"embeddable":true,"href":"https:\/\/diarioregionaldigital.com.br\/index.php?rest_route=\/wp\/v2\/media\/220443"}],"wp:attachment":[{"href":"https:\/\/diarioregionaldigital.com.br\/index.php?rest_route=%2Fwp%2Fv2%2Fmedia&parent=220442"}],"wp:term":[{"taxonomy":"category","embeddable":true,"href":"https:\/\/diarioregionaldigital.com.br\/index.php?rest_route=%2Fwp%2Fv2%2Fcategories&post=220442"},{"taxonomy":"post_tag","embeddable":true,"href":"https:\/\/diarioregionaldigital.com.br\/index.php?rest_route=%2Fwp%2Fv2%2Ftags&post=220442"}],"curies":[{"name":"wp","href":"https:\/\/api.w.org\/{rel}","templated":true}]}}