{"id":220407,"date":"2024-01-08T20:54:48","date_gmt":"2024-01-08T23:54:48","guid":{"rendered":"https:\/\/diarioregionaldigital.com.br\/?p=220407"},"modified":"2024-01-08T20:54:48","modified_gmt":"2024-01-08T23:54:48","slug":"defesa-civil-de-juiz-de-fora-divulga-balanco-das-acoes-realizadas-em-2023","status":"publish","type":"post","link":"https:\/\/diarioregionaldigital.com.br\/?p=220407","title":{"rendered":"Defesa Civil de Juiz de Fora divulga balan\u00e7o das a\u00e7\u00f5es realizadas em 2023"},"content":{"rendered":"<p>Segundo informa\u00e7\u00f5es do site da Prefeitura de Juiz de Fora (PJF), em 2023, a Defesa Civil da Prefeitura de Juiz de Fora (PJF) realizou uma s\u00e9rie de a\u00e7\u00f5es preventivas, estrat\u00e9gias de resposta e programas de conscientiza\u00e7\u00e3o para enfrentar desafios emergenciais e reduzir os impactos de eventos adversos na regi\u00e3o. Tais a\u00e7\u00f5es foram intensificadas na atual gest\u00e3o quando o \u00f3rg\u00e3o passou a compor a Secretaria de Governo (SG).<\/p>\n<p>&nbsp;<\/p>\n<div>Mais de 60% das vistorias realizadas pela Defesa Civil ao longo do ano tiveram car\u00e1ter preventivo. Nesse per\u00edodo, foram mais de mil vistorias preventivas, nas quais \u00e9 poss\u00edvel identificar medidas necess\u00e1rias para reduzir os riscos e, assim, evitar situa\u00e7\u00f5es de desastres. Com o monitoramento das \u00e1reas de risco, a Defesa Civil tamb\u00e9m realiza encaminhamentos para as outras pastas da prefeitura adotarem medidas de mitiga\u00e7\u00e3o, como por exemplo \u00a0 limpeza das bocas de lobo e dos c\u00f3rregos no munic\u00edpio. As a\u00e7\u00f5es preventivas contribuem para que as equipes antecipem poss\u00edveis problemas para evitar desastres.<\/div>\n<p>&nbsp;<\/p>\n<div>J\u00e1 no segundo semestre foi apresentado o\u00a0<strong><a href=\"https:\/\/www.pjf.mg.gov.br\/noticias\/view.php?modo=link2&amp;idnoticia2=81412\">Plano de Conting\u00eancia atualizado para o per\u00edodo chuvoso 2023\/2024<\/a><\/strong>. O Plano, que envolve diversos \u00f3rg\u00e3os, estabelece um conjunto de medidas que devem ser colocadas em a\u00e7\u00e3o em casos de emerg\u00eancia a fim de possibilitar o retorno \u00e0 normalidade o mais r\u00e1pido poss\u00edvel. Em dezembro, em apenas uma hora, choveu 69 mm em Juiz de Fora, cerca de 22% do volume total esperado para o m\u00eas. Essa chuva intensa, formada em pouco tempo, \u00e9 uma das caracter\u00edsticas do fen\u00f4meno\u00a0<em>El Ni\u00f1o<\/em>. O trabalho integrado com diversos \u00f3rg\u00e3os e pastas da PJF permitiu que a cidade reagisse com agilidade diante dessas situa\u00e7\u00f5es de emerg\u00eancia.<\/div>\n<p>&nbsp;<\/p>\n<div>A fim de garantir que alertas sobre situa\u00e7\u00f5es emergenciais sejam vistos com mais rapidez, Juiz de Fora foi uma das sete cidades escolhidas para participar do\u00a0<strong><a href=\"https:\/\/www.pjf.mg.gov.br\/noticias\/view.php?modo=link2&amp;idnoticia2=78391\">projeto piloto da Defesa Civil Nacional para emiss\u00e3o de alertas em formato de Flash SMS<\/a><\/strong>. A iniciativa foi desenvolvida pela Interface de Divulga\u00e7\u00e3o de Alertas P\u00fablicos (Idap) que possibilita que a mensagem de alerta apare\u00e7a na tela sem que o usu\u00e1rio precise clicar para abri-la. A popula\u00e7\u00e3o deve ficar atenta \u00e0s orienta\u00e7\u00f5es e aos alertas da Defesa Civil, que s\u00e3o publicados nas redes sociais e enviados via SMS.\u00a0Para receber os alertas da Defesa Civil, \u00e9 s\u00f3 enviar um SMS com o CEP para o telefone 40199. O servi\u00e7o \u00e9 gratuito.<\/div>\n<p>&nbsp;<\/p>\n<div><strong>Plano de Conting\u00eancia Para Baixas Temperaturas<\/strong><\/div>\n<p>&nbsp;<\/p>\n<div>No inverno de 2023, a\u00a0<strong><a href=\"https:\/\/www.pjf.mg.gov.br\/noticias\/view.php?modo=link2&amp;idnoticia2=80368\">PJF implantou o Plano de Conting\u00eancia para Situa\u00e7\u00f5es de Baixas Temperaturas<\/a><\/strong>\u00a0com o objetivo desenvolver a\u00e7\u00f5es de forma integrada para diminuir os impactos do frio intenso sobre a popula\u00e7\u00e3o em situa\u00e7\u00e3o de vulnerabilidade no munic\u00edpio. Esse tipo de a\u00e7\u00e3o foi criada em 2021 na atual gest\u00e3o. Com isso, foi inaugurado uma casa de acolhimento emergencial para pessoas em situa\u00e7\u00e3o de vulnerabilidade na Rua Fonseca Hermes, n\u00ba 143, com a capacidade de atender 40 pessoas, que receberam refei\u00e7\u00e3o \u00e0 noite e caf\u00e9 da manh\u00e3 no dia seguinte. O local funcionou at\u00e9 o final de setembro.<\/div>\n<p>&nbsp;<\/p>\n<div><strong>Capacita\u00e7\u00f5es promovidas pela Defesa Civil<\/strong><\/div>\n<p>&nbsp;<\/p>\n<div>Al\u00e9m de\u00a0<strong><a href=\"https:\/\/www.pjf.mg.gov.br\/noticias\/view.php?modo=link2&amp;idnoticia2=82169\">capacita\u00e7\u00f5es internas para servidores<\/a><\/strong>, a Defesa Civil de Juiz de Fora promoveu cursos para a comunidade externa. Apenas na\u00a0<strong><a href=\"https:\/\/www.pjf.mg.gov.br\/noticias\/view.php?modo=link2&amp;idnoticia2=81264\">\u201cSemana Municipal de Redu\u00e7\u00e3o de Riscos e Desastres 2023\u201d<\/a><\/strong>, a Defesa Civil promoveu seis webin\u00e1rios gratuitos. Al\u00e9m da parte te\u00f3rica online, o evento contou com uma atividade presencial na Escola Municipal Padre Caetano, com a tem\u00e1tica de a\u00e7\u00f5es de preven\u00e7\u00e3o de riscos e seguran\u00e7a de barragens. Ao todo, mais de 500 pessoas participaram da Semana.<\/div>\n<p>&nbsp;<\/p>\n<div>Entre os meses de abril e julho, o \u00f3rg\u00e3o da Secretaria de Governo promoveu o<a href=\"https:\/\/www.pjf.mg.gov.br\/noticias\/view.php?modo=link2&amp;idnoticia2=79970\">\u00a0<strong>II Ciclo de Cursos Gratuitos<\/strong><\/a>. Ao todo foram nove cursos que abordaram tem\u00e1ticas variadas acerca da atua\u00e7\u00e3o e da experi\u00eancia dos agentes em ocorr\u00eancias e trabalhos de campo. Os cursos foram ministrados pelos agentes da Defesa Civil, contando com mais de 1.700 inscritos, alcan\u00e7ando todas as regi\u00f5es do Brasil, com representantes de 24 Estados e mais de 240 munic\u00edpios.<\/div>\n<p>&nbsp;<\/p>\n<div>Em 2023, a Defesa Civil tamb\u00e9m realizou tr\u00eas cursos online e gratuitos para<strong>\u00a0<\/strong><a href=\"https:\/\/www.pjf.mg.gov.br\/noticias\/view.php?modo=link2&amp;idnoticia2=79625\"><strong>forma\u00e7\u00e3o de novos volunt\u00e1rios<\/strong>.<\/a>\u00a0Por meio da capacita\u00e7\u00e3o, eles aprendem no\u00e7\u00f5es de defesa civil e\u00a0 identifica\u00e7\u00e3o de situa\u00e7\u00f5es de risco e formas de preven\u00e7\u00e3o, que podem contribuir para a seguran\u00e7a da comunidade em que vivem. Ao longo do ano, a equipe tamb\u00e9m realiza capacita\u00e7\u00f5es peri\u00f3dicas com a equipe de voluntariado &#8211; que, no \u00faltimo ano, passou a contar com o total de 75 pessoas.<\/div>\n<p>&nbsp;<\/p>\n<div><strong>Trabalho da Defesa Civil \u00e9 refer\u00eancia para outros \u00f3rg\u00e3os<\/strong><\/div>\n<p>&nbsp;<\/p>\n<div>Assim como nos outros anos, as a\u00e7\u00f5es desenvolvidas pela Defesa Civil foram reconhecidas como refer\u00eancia nacional. O trabalho da Defesa Civil em\u00a0<strong><a href=\"https:\/\/www.pjf.mg.gov.br\/noticias\/view.php?modo=link2&amp;idnoticia2=81666\">\u201cEstoques Estrat\u00e9gicos em Prote\u00e7\u00e3o e Defesa Civil\u201d<\/a><\/strong>\u00a0foi selecionado para compor o banco de Boas Pr\u00e1ticas da Defesa Civil Nacional, que re\u00fane t\u00e9cnicas identificadas como as melhores para inspirar outras defesas civis no desempenho frente aos desafios do per\u00edodo chuvoso. A a\u00e7\u00e3o selecionada \u00e9 relacionada ao empenho na gest\u00e3o de estoques para itens de ajuda humanit\u00e1ria e materiais para mitiga\u00e7\u00e3o dos riscos desenvolvida pela Defesa Civil de Juiz de Fora.<\/div>\n<p>&nbsp;<\/p>\n<div>A Defesa Civil da PJF ficou entre os finalistas da campanha<strong>\u00a0<\/strong><a href=\"https:\/\/www.pjf.mg.gov.br\/noticias\/view.php?modo=link2&amp;idnoticia2=82264\"><strong>\u201cAprender Para Prevenir\u201d<\/strong>,<\/a>\u00a0coordenada pelo Centro Nacional de Monitoramento e Alertas de Desastres Naturais (Cemaden). O projeto desenvolvido para a campanha detalhou a\u00e7\u00f5es de educa\u00e7\u00e3o preventiva realizadas pelo \u00f3rg\u00e3o da Secretaria de Governo durante o ano. Entre as a\u00e7\u00f5es apresentadas na campanha, est\u00e3o: o projeto\u00a0<strong><a href=\"https:\/\/www.pjf.mg.gov.br\/noticias\/view.php?modo=link2&amp;idnoticia2=79562\">\u201cDefesa Civil nas Escolas\u201d<\/a><\/strong>; o programa de capacita\u00e7\u00e3o de volunt\u00e1rios; as palestras e cursos gratuitos realizados; al\u00e9m das a\u00e7\u00f5es educativas promovidas em eventos com materiais l\u00fadicos como fantoches, maquetes e o<strong>\u00a0<\/strong><a href=\"https:\/\/pjf.mg.gov.br\/noticias\/view.php?modo=link2&amp;idnoticia2=79797\"><strong>jogo de tabuleiro desenvolvido pela PJF<\/strong>.\u00a0<\/a><\/div>\n<div>Pela segunda vez, a Defesa Civil foi selecionada para participar do\u00a0<a href=\"https:\/\/www.pjf.mg.gov.br\/noticias\/view.php?modo=link2&amp;idnoticia2=81627\"><strong>Circuito Urbano 2023<\/strong>,<\/a>\u00a0promovido pela ONU Habitat. No evento foi apresentado o workshop \u201cUso das Cartas de Suscetibilidade a desastres no planejamento urbano\u201d, que visa mostrar o planejamento estrat\u00e9gico de a\u00e7\u00f5es preventivas e de resposta com o uso da ferramenta desenvolvida pelo Servi\u00e7o Geol\u00f3gico do Brasil.<\/div>\n<p>&nbsp;<\/p>\n<div>A Defesa Civil tamb\u00e9m ministrou palestras no evento\u00a0<strong><a href=\"https:\/\/www.pjf.mg.gov.br\/noticias\/view.php?modo=link2&amp;idnoticia2=80753\">\u201cBoas Pr\u00e1ticas para Ades\u00e3o das Comunidades aos Exerc\u00edcios Simulados com Barragens\u201d<\/a><\/strong>, promovido pela Defesa Civil Estadual; em\u00a0<strong><a href=\"https:\/\/www.pjf.mg.gov.br\/noticias\/view.php?modo=link2&amp;idnoticia2=81804\">workshop promovido pelo 3\u00ba Comando Operacional de Bombeiros (COB)<\/a><\/strong>, no qual foram apresentadas as t\u00e9cnicas desenvolvidas e aprimoradas pela Defesa Civil na prepara\u00e7\u00e3o para o per\u00edodo chuvoso 2023\/2024; e na d\u00e9cima s\u00e9tima edi\u00e7\u00e3o do<strong>\u00a0<\/strong><strong><a href=\"https:\/\/www.pjf.mg.gov.br\/noticias\/view.php?modo=link2&amp;idnoticia2=81630\">Simp\u00f3sio de Geologia do Sudeste<\/a><\/strong>, no qual a equipe ministrou o curso \u201cPercep\u00e7\u00e3o e Mapeamento Participativo de \u00c1reas de Risco Geol\u00f3gico\u201d, sobre a atua\u00e7\u00e3o de volunt\u00e1rios no processo.<\/div>\n<p>&nbsp;<\/p>\n<div>Nesse Simp\u00f3sio, a equipe da Defesa Civil tamb\u00e9m apresentou tr\u00eas trabalhos. Al\u00e9m disso, artigos escritos pelos servidores do \u00f3rg\u00e3o foram aprovados e apresentados no\u00a0<strong><a href=\"https:\/\/www.pjf.mg.gov.br\/noticias\/view.php?modo=link2&amp;idnoticia2=80548\">II Congresso Latino-Americano de Desenvolvimento Sustent\u00e1vel<\/a><\/strong>; no\u00a0<a href=\"https:\/\/pjf.mg.gov.br\/noticias\/view.php?modo=link2&amp;idnoticia2=78975\"><strong>III Encontro Nacional de Desastres, promovido pela Associa\u00e7\u00e3o Brasileira de Recursos H\u00eddricos (ABRHidro)<\/strong>;<\/a>\u00a0e no\u00a0<a href=\"https:\/\/www.pjf.mg.gov.br\/noticias\/view.php?modo=link2&amp;idnoticia2=79299\"><strong>\u201cIV Simp\u00f3sio de Recursos H\u00eddricos da Bacia do Rio Para\u00edba do Sul\u201d<\/strong>.\u00a0<\/a><\/div>\n","protected":false},"excerpt":{"rendered":"<p>Segundo informa\u00e7\u00f5es do site da Prefeitura de Juiz de Fora (PJF), em 2023, a Defesa Civil da Prefeitura de Juiz de Fora (PJF) realizou uma s\u00e9rie de a\u00e7\u00f5es preventivas, estrat\u00e9gias de resposta e programas de conscientiza\u00e7\u00e3o para enfrentar desafios emergenciais e reduzir os impactos de eventos adversos na regi\u00e3o. Tais a\u00e7\u00f5es foram intensificadas na atual [&hellip;]<\/p>\n","protected":false},"author":246,"featured_media":220408,"comment_status":"closed","ping_status":"closed","sticky":false,"template":"","format":"standard","meta":{"footnotes":""},"categories":[253,436,439],"tags":[],"class_list":["post-220407","post","type-post","status-publish","format-standard","has-post-thumbnail","hentry","category-cidade","category-destaque-da-semana","category-ultima-hora"],"_links":{"self":[{"href":"https:\/\/diarioregionaldigital.com.br\/index.php?rest_route=\/wp\/v2\/posts\/220407","targetHints":{"allow":["GET"]}}],"collection":[{"href":"https:\/\/diarioregionaldigital.com.br\/index.php?rest_route=\/wp\/v2\/posts"}],"about":[{"href":"https:\/\/diarioregionaldigital.com.br\/index.php?rest_route=\/wp\/v2\/types\/post"}],"author":[{"embeddable":true,"href":"https:\/\/diarioregionaldigital.com.br\/index.php?rest_route=\/wp\/v2\/users\/246"}],"replies":[{"embeddable":true,"href":"https:\/\/diarioregionaldigital.com.br\/index.php?rest_route=%2Fwp%2Fv2%2Fcomments&post=220407"}],"version-history":[{"count":1,"href":"https:\/\/diarioregionaldigital.com.br\/index.php?rest_route=\/wp\/v2\/posts\/220407\/revisions"}],"predecessor-version":[{"id":220409,"href":"https:\/\/diarioregionaldigital.com.br\/index.php?rest_route=\/wp\/v2\/posts\/220407\/revisions\/220409"}],"wp:featuredmedia":[{"embeddable":true,"href":"https:\/\/diarioregionaldigital.com.br\/index.php?rest_route=\/wp\/v2\/media\/220408"}],"wp:attachment":[{"href":"https:\/\/diarioregionaldigital.com.br\/index.php?rest_route=%2Fwp%2Fv2%2Fmedia&parent=220407"}],"wp:term":[{"taxonomy":"category","embeddable":true,"href":"https:\/\/diarioregionaldigital.com.br\/index.php?rest_route=%2Fwp%2Fv2%2Fcategories&post=220407"},{"taxonomy":"post_tag","embeddable":true,"href":"https:\/\/diarioregionaldigital.com.br\/index.php?rest_route=%2Fwp%2Fv2%2Ftags&post=220407"}],"curies":[{"name":"wp","href":"https:\/\/api.w.org\/{rel}","templated":true}]}}