{"id":220401,"date":"2024-01-08T20:51:16","date_gmt":"2024-01-08T23:51:16","guid":{"rendered":"https:\/\/diarioregionaldigital.com.br\/?p=220401"},"modified":"2024-01-08T20:51:16","modified_gmt":"2024-01-08T23:51:16","slug":"prefeitura-conclui-recapeamento-de-toda-a-extensao-da-avenida-deusdedith-salgado","status":"publish","type":"post","link":"https:\/\/diarioregionaldigital.com.br\/?p=220401","title":{"rendered":"Prefeitura conclui recapeamento de toda a extens\u00e3o da Avenida Deusdedith Salgado"},"content":{"rendered":"<p>Segundo informa\u00e7\u00f5es do site da Prefeitura de Juiz de Fora (PJF), a PJF finalizou os trabalhos de recapeamento da Avenida Deusdedith Salgado, importante via de acesso \u00e0 cidade. Com a conclus\u00e3o do servi\u00e7o no novo\u00a0 trecho, toda a avenida conta, agora, com asfalto novo.<\/p>\n<p>Em outubro de 2023, as equipes da Empresa Municipal de Pavimenta\u00e7\u00e3o e Urbanidades (Empav) recapearam quase seis quil\u00f4metros de extens\u00e3o da avenida, totalizando uma \u00e1rea de mais de 57 mil metros quadrados. Agora, com a finaliza\u00e7\u00e3o dos servi\u00e7os, quase nove quil\u00f4metros de extens\u00e3o da via foram recapeados, equivalente a uma \u00e1rea de mais de 81 mil metros quadrados.<\/p>\n<p>Al\u00e9m da Avenida Deusdedith Salgado, outra importante via tamb\u00e9m recebeu os trabalhos, finalizados no in\u00edcio de 2023: a Avenida Dr. Paulo Japiass\u00fa Coelho. Ao todo, foram mais de dez quil\u00f4metros de via com asfalto novo, da entrada da cidade at\u00e9 a avenida Itamar Franco, o que garante mais conforto, seguran\u00e7a e fluidez no tr\u00e2nsito.<\/p>\n<p>Os trabalhos seguem em andamento na cidade e a programa\u00e7\u00e3o di\u00e1ria completa pode ser conferida na p\u00e1gina do Gabinete de A\u00e7\u00e3o e Di\u00e1logo Comunit\u00e1rio atrav\u00e9s do<a href=\"https:\/\/www.pjf.mg.gov.br\/gabinetecomunitario\/#onde\">\u00a0<strong>link<\/strong><\/a>. Para solicitar servi\u00e7os de zeladoria em vias p\u00fablicas, como tapa-buracos, poda e corte de \u00e1rvores, limpeza de pra\u00e7as, trocas de l\u00e2mpada e outros, entre em contato com o Gabinete de A\u00e7\u00e3o e Di\u00e1logo Comunit\u00e1rio, atrav\u00e9s do telefone (32) 3690-7241 (liga\u00e7\u00e3o ou WhatsApp).<\/p>\n<div><\/div>\n","protected":false},"excerpt":{"rendered":"<p>Segundo informa\u00e7\u00f5es do site da Prefeitura de Juiz de Fora (PJF), a PJF finalizou os trabalhos de recapeamento da Avenida Deusdedith Salgado, importante via de acesso \u00e0 cidade. Com a conclus\u00e3o do servi\u00e7o no novo\u00a0 trecho, toda a avenida conta, agora, com asfalto novo. Em outubro de 2023, as equipes da Empresa Municipal de Pavimenta\u00e7\u00e3o [&hellip;]<\/p>\n","protected":false},"author":246,"featured_media":220402,"comment_status":"closed","ping_status":"closed","sticky":false,"template":"","format":"standard","meta":{"footnotes":""},"categories":[253,436,439],"tags":[],"class_list":["post-220401","post","type-post","status-publish","format-standard","has-post-thumbnail","hentry","category-cidade","category-destaque-da-semana","category-ultima-hora"],"_links":{"self":[{"href":"https:\/\/diarioregionaldigital.com.br\/index.php?rest_route=\/wp\/v2\/posts\/220401","targetHints":{"allow":["GET"]}}],"collection":[{"href":"https:\/\/diarioregionaldigital.com.br\/index.php?rest_route=\/wp\/v2\/posts"}],"about":[{"href":"https:\/\/diarioregionaldigital.com.br\/index.php?rest_route=\/wp\/v2\/types\/post"}],"author":[{"embeddable":true,"href":"https:\/\/diarioregionaldigital.com.br\/index.php?rest_route=\/wp\/v2\/users\/246"}],"replies":[{"embeddable":true,"href":"https:\/\/diarioregionaldigital.com.br\/index.php?rest_route=%2Fwp%2Fv2%2Fcomments&post=220401"}],"version-history":[{"count":1,"href":"https:\/\/diarioregionaldigital.com.br\/index.php?rest_route=\/wp\/v2\/posts\/220401\/revisions"}],"predecessor-version":[{"id":220403,"href":"https:\/\/diarioregionaldigital.com.br\/index.php?rest_route=\/wp\/v2\/posts\/220401\/revisions\/220403"}],"wp:featuredmedia":[{"embeddable":true,"href":"https:\/\/diarioregionaldigital.com.br\/index.php?rest_route=\/wp\/v2\/media\/220402"}],"wp:attachment":[{"href":"https:\/\/diarioregionaldigital.com.br\/index.php?rest_route=%2Fwp%2Fv2%2Fmedia&parent=220401"}],"wp:term":[{"taxonomy":"category","embeddable":true,"href":"https:\/\/diarioregionaldigital.com.br\/index.php?rest_route=%2Fwp%2Fv2%2Fcategories&post=220401"},{"taxonomy":"post_tag","embeddable":true,"href":"https:\/\/diarioregionaldigital.com.br\/index.php?rest_route=%2Fwp%2Fv2%2Ftags&post=220401"}],"curies":[{"name":"wp","href":"https:\/\/api.w.org\/{rel}","templated":true}]}}