{"id":220395,"date":"2024-01-08T20:44:46","date_gmt":"2024-01-08T23:44:46","guid":{"rendered":"https:\/\/diarioregionaldigital.com.br\/?p=220395"},"modified":"2024-01-08T20:44:46","modified_gmt":"2024-01-08T23:44:46","slug":"retro-pe-e-asa-al-avancam-nos-penaltis-na-pre-copa-do-nordeste","status":"publish","type":"post","link":"https:\/\/diarioregionaldigital.com.br\/?p=220395","title":{"rendered":"Retr\u00f4-PE e Asa-AL avan\u00e7am nos p\u00eanaltis na Pr\u00e9-Copa do Nordeste"},"content":{"rendered":"<p>Come\u00e7ou na tarde deste s\u00e1bado (6) a disputa pelas \u00faltimas quatro vagas para a etapa principal da Copa do Nordeste, a fase de grupos, que j\u00e1 tem 12 clubes garantidos.\u00a0Os primeiros a se classificarem \u00e0 segunda fase eliminat\u00f3ria da etapa\u00a0preliminar (Pr\u00e9-Copa do Nordeste)\u00a0foram dois times visitantes, que venceram na cobran\u00e7a de p\u00eanaltis, ap\u00f3s empatarem\u00a0em 1 a 1 no tempo normal. O Retr\u00f4-PE ganhou por 4 a 2 do Confian\u00e7a-SE, na Arena Batist\u00e3o, em Aracaju. Tamb\u00e9m fora de casa,\u00a0em Fortaleza, o ASA-AL levou a melhor sobre o Ferrovi\u00e1rio-CE, por 3 a 0 nas penalidades. Ao todo, a Pr\u00e9- Copa do Norderte, re\u00fane 16 times.<img decoding=\"async\" src=\"https:\/\/agenciabrasil.ebc.com.br\/ebc.png?id=1575395&amp;o=node\" \/><img decoding=\"async\" src=\"https:\/\/agenciabrasil.ebc.com.br\/ebc.gif?id=1575395&amp;o=node\" \/><\/p>\n<p><a href=\"https:\/\/www.instagram.com\/p\/C1sVV_iPZOk\/\"><strong>Outros seis classificados ser\u00e3o definidos at\u00e9 o final deste domingo (7)<\/strong><\/a>. Todos voltar\u00e3o a campo no pr\u00f3ximo fim de semana para a segunda e fase eliminat\u00f3ria\u00a0(mata-mata em jogo \u00fanico). Mais uma vez, se os jogos terminarem empatados, haver\u00e1 disputa de p\u00eanaltis. Os quatro vencedores ganham o direito de disputar a fase de grupos da Copa do Nordeste, principal competi\u00e7\u00e3o regional de futebol do pa\u00eds, que ganhou o apelido de Lampions League, em alus\u00e3o\u00a0\u00a0\u00e0 Liga dos Campe\u00f5es da Europa.<\/p>\n<p>Dos clubes j\u00e1 assegurados na fase de grupos do torneio nordestino, nove carimbaram a vaga ao conquistarem os t\u00edtulos estaduais de 2023 (Am\u00e9rica-RN, Bahia, CRB, Fortaleza, Itabaiana, Maranh\u00e3o, River, Sport e Treze), e o restante via ranking nacional de clubes da CBF (Cear\u00e1, N\u00e1utico e Vit\u00f3ria).<\/p>\n<p>A Copa do Nordeste abre oficialmente o calend\u00e1rio do futebol brasileiro. A disputa come\u00e7a em 7 de fevereiro e vai at\u00e9 9 de junho.<\/p>\n<p>Fonte: Ag\u00eancia Brasil<\/p>\n","protected":false},"excerpt":{"rendered":"<p>Come\u00e7ou na tarde deste s\u00e1bado (6) a disputa pelas \u00faltimas quatro vagas para a etapa principal da Copa do Nordeste, a fase de grupos, que j\u00e1 tem 12 clubes garantidos.\u00a0Os primeiros a se classificarem \u00e0 segunda fase eliminat\u00f3ria da etapa\u00a0preliminar (Pr\u00e9-Copa do Nordeste)\u00a0foram dois times visitantes, que venceram na cobran\u00e7a de p\u00eanaltis, ap\u00f3s empatarem\u00a0em 1 [&hellip;]<\/p>\n","protected":false},"author":246,"featured_media":220396,"comment_status":"closed","ping_status":"closed","sticky":false,"template":"","format":"standard","meta":{"footnotes":""},"categories":[436,257,439],"tags":[],"class_list":["post-220395","post","type-post","status-publish","format-standard","has-post-thumbnail","hentry","category-destaque-da-semana","category-esporte","category-ultima-hora"],"_links":{"self":[{"href":"https:\/\/diarioregionaldigital.com.br\/index.php?rest_route=\/wp\/v2\/posts\/220395","targetHints":{"allow":["GET"]}}],"collection":[{"href":"https:\/\/diarioregionaldigital.com.br\/index.php?rest_route=\/wp\/v2\/posts"}],"about":[{"href":"https:\/\/diarioregionaldigital.com.br\/index.php?rest_route=\/wp\/v2\/types\/post"}],"author":[{"embeddable":true,"href":"https:\/\/diarioregionaldigital.com.br\/index.php?rest_route=\/wp\/v2\/users\/246"}],"replies":[{"embeddable":true,"href":"https:\/\/diarioregionaldigital.com.br\/index.php?rest_route=%2Fwp%2Fv2%2Fcomments&post=220395"}],"version-history":[{"count":1,"href":"https:\/\/diarioregionaldigital.com.br\/index.php?rest_route=\/wp\/v2\/posts\/220395\/revisions"}],"predecessor-version":[{"id":220397,"href":"https:\/\/diarioregionaldigital.com.br\/index.php?rest_route=\/wp\/v2\/posts\/220395\/revisions\/220397"}],"wp:featuredmedia":[{"embeddable":true,"href":"https:\/\/diarioregionaldigital.com.br\/index.php?rest_route=\/wp\/v2\/media\/220396"}],"wp:attachment":[{"href":"https:\/\/diarioregionaldigital.com.br\/index.php?rest_route=%2Fwp%2Fv2%2Fmedia&parent=220395"}],"wp:term":[{"taxonomy":"category","embeddable":true,"href":"https:\/\/diarioregionaldigital.com.br\/index.php?rest_route=%2Fwp%2Fv2%2Fcategories&post=220395"},{"taxonomy":"post_tag","embeddable":true,"href":"https:\/\/diarioregionaldigital.com.br\/index.php?rest_route=%2Fwp%2Fv2%2Ftags&post=220395"}],"curies":[{"name":"wp","href":"https:\/\/api.w.org\/{rel}","templated":true}]}}