{"id":220385,"date":"2024-01-08T19:54:17","date_gmt":"2024-01-08T22:54:17","guid":{"rendered":"https:\/\/diarioregionaldigital.com.br\/?p=220385"},"modified":"2024-01-08T19:54:17","modified_gmt":"2024-01-08T22:54:17","slug":"premios-conquistados-pelo-governo-de-minas-em-2023-atestam-boa-gestao-e-entregas-de-qualidade","status":"publish","type":"post","link":"https:\/\/diarioregionaldigital.com.br\/?p=220385","title":{"rendered":"Pr\u00eamios conquistados pelo Governo de Minas em 2023 atestam boa gest\u00e3o e entregas de qualidade"},"content":{"rendered":"<p>O\u00a0<a href=\"https:\/\/www.mg.gov.br\/\" target=\"_blank\" rel=\"noopener\">Governo de Minas<\/a>, por meio da\u00a0<a href=\"https:\/\/www.mg.gov.br\/planejamento\" target=\"_blank\" rel=\"noopener\">Secretaria de Estado de Planejamento e Gest\u00e3o (Seplag-MG)<\/a>, conquistou nove pr\u00eamios em 2023, incluindo destaques nas diferentes \u00e1reas de atua\u00e7\u00e3o da pasta, como or\u00e7amento, compras p\u00fablicas e atendimento ao cidad\u00e3o. As premia\u00e7\u00f5es refor\u00e7am os resultados do trabalho desenvolvido pela Secretaria, que celebrou seus 20 anos tamb\u00e9m neste ano.<\/p>\n<p>O pr\u00eamio mais recente foi recebido pelo programa Minas Atende, que re\u00fane iniciativas para viabilizar a transforma\u00e7\u00e3o dos servi\u00e7os p\u00fablicos com foco no cidad\u00e3o mineiro. O programa foi reconhecido, no dia 15\/12, como o Melhor Projeto do Ano de 2023 pelo Pr\u00eamio Project Management Institute de Minas Gerais (PMI Minas Gerais).<\/p>\n<p>&#8220;\u00c9 gratificante vermos nosso trabalho sendo reconhecido por trazer melhorias reais aos cidad\u00e3os. S\u00e3o duas d\u00e9cadas de entregas da nossa pasta para a popula\u00e7\u00e3o mineira, e o que nos une \u00e9 o nosso senso p\u00fablico, nosso esp\u00edrito de querer fazer mudan\u00e7a e de trabalhar com afinco todos os dias para transformar a vida dos mais de 21 milh\u00f5es de cidad\u00e3os mineiros&#8221;, destaca a secret\u00e1ria de Planejamento e Gest\u00e3o de Minas Gerais, Lu\u00edsa Barreto.<\/p>\n<p>O Minas Atende busca aproximar os servi\u00e7os p\u00fablicos das pessoas, com conectividade, inova\u00e7\u00e3o e gest\u00e3o inteligente. O programa somou mais de 28 milh\u00f5es de acessos e atendimentos nas plataformas digitais e presenciais em 2023.<\/p>\n<p><strong>Reconhecimento estadual, nacional e internacional\u00a0<\/strong><\/p>\n<p>As outras premia\u00e7\u00f5es recebidas ao longo do ano foram:<\/p>\n<ul>\n<li>Pr\u00eamio 19 de Mar\u00e7o (Martelinho de Ouro), categorias: \u201cMelhor edital\u201d, com a compra estadual de medicamentos; \u201cPreg\u00e3o com maior valor homologado\u201d, com o Preg\u00e3o Eletr\u00f4nico para Registro de Pre\u00e7os planejamento Sirp n\u00ba 141\/2022; e \u201cPregoeiro que gerou maior vantagem econ\u00f4mica entre o menor lance e a adjudica\u00e7\u00e3o\u201d, recebido pela pregoeira Luana Junqueira, da Seplag-MG, ao conduzir o lote 185 do Preg\u00e3o Eletr\u00f4nico para Registro de Pre\u00e7os planejamento Sirp n\u00ba 278\/2021.<\/li>\n<li>Pr\u00eamio de Administra\u00e7\u00e3o P\u00fablica Encontro Brasileiro de Administra\u00e7\u00e3o P\u00fablica (Ebap) 2023: com o projeto de incremento da compra de alimentos da agricultura familiar).<\/li>\n<li>Pr\u00eamio anual do Banco Interamericano de Desenvolvimento (BID): com o projeto Or\u00e7amento Base Zero (OBZ).<\/li>\n<li>Pr\u00eamio de Excel\u00eancia em Governo Digital da Associa\u00e7\u00e3o Brasileira de Entidades Estaduais de Tecnologia da Informa\u00e7\u00e3o e Comunica\u00e7\u00e3o (Abep), nas categorias: \u201cMelhor solu\u00e7\u00e3o de Governo Digital Inclusivo\u201d e \u201cPr\u00eamio Especial Valor Sustentabilidade e ODS\u201d, com o programa Al\u00f4 Minas.<\/li>\n<li>Pr\u00eamio da Central de Compras do Minist\u00e9rio da Gest\u00e3o e da Inova\u00e7\u00e3o em Servi\u00e7os P\u00fablicos como organiza\u00e7\u00e3o com maior n\u00famero de ades\u00e3o \u00e0s a\u00e7\u00f5es de centraliza\u00e7\u00e3o promovidas pela unidade em 2023.<\/li>\n<\/ul>\n<p>Al\u00e9m disso, outros trabalhos e projetos da Seplag-MG foram finalistas e\/ou receberam men\u00e7\u00e3o honrosa em outras premia\u00e7\u00f5es.<\/p>\n<p><strong>Foco no cidad\u00e3o\u00a0<\/strong><\/p>\n<p>Em seus 20 anos de exist\u00eancia, a Seplag-MG esteve \u00e0 frente de importantes marcos para a Administra\u00e7\u00e3o P\u00fablica mineira e para os cidad\u00e3os.<\/p>\n<p>Algumas dessas entregas foram a cria\u00e7\u00e3o das Unidades de Atendimento Integrado (UAIs), que centralizam servi\u00e7os p\u00fablicos em um \u00fanico espa\u00e7o; o uso do Sistema Eletr\u00f4nico de Informa\u00e7\u00f5es (Sei!MG) para facilitar a gest\u00e3o de documentos oficiais; melhorias na Cidade Administrativa, sede do Poder Executivo estadual; o aumento constante do \u00cdndice de Transforma\u00e7\u00e3o Digital, impulsionado pela digitaliza\u00e7\u00e3o dos servi\u00e7os p\u00fablicos, instala\u00e7\u00e3o de antenas de telefonia m\u00f3vel e internet em \u00e1reas rurais de Minas Gerais, entre outras iniciativas.<\/p>\n<p>Da mesma forma, se destacam as pol\u00edticas de valoriza\u00e7\u00e3o dos servidores, programas como o Transforma Minas, que seleciona e investe no desenvolvimento de gestores; e o foco constante no equil\u00edbrio das contas do Estado, com ferramentas como o Or\u00e7amento Base Zero, a gest\u00e3o dos projetos estrat\u00e9gicos e a racionalidade nas compras p\u00fablicas e na log\u00edstica, entre outros, que possibilitam que os recursos sejam direcionados para as pol\u00edticas p\u00fablicas voltadas para melhorar a vida dos cidad\u00e3os.<\/p>\n<p>A chefe de Gabinete da Seplag-MG, S\u00edlvia Listgarten, salienta que a robustez do trabalho desenvolvido \u00e9 assegurada pela atua\u00e7\u00e3o s\u00e9ria e comprometida da equipe de profissionais que atua na pasta, alinhando conhecimento t\u00e9cnico, habilidades, compet\u00eancias e esp\u00edrito de equipe.<\/p>\n<p>\u201cA excel\u00eancia do trabalho da Seplag-MG est\u00e1 diretamente ligada \u00e0 valoriza\u00e7\u00e3o e ao cuidado com os servidores. Outro importante fator \u00e9 a busca de mecanismos que garantem a conformidade com leis, regulamentos e diretrizes, visando mitigar erros e melhorar a gest\u00e3o dos recursos p\u00fablicos\u201d, completa a chefe de Gabinete.<\/p>\n<p>Nesse sentido, a Seplag-MG implementou, em maio deste ano, por exemplo, a Pol\u00edtica de Gest\u00e3o de Riscos da Secretaria, criada para gerenciar e prevenir riscos corporativos, orientar a tomada de decis\u00f5es nas organiza\u00e7\u00f5es e contribuir com o aprimoramento dos servi\u00e7os p\u00fablicos, com a racionaliza\u00e7\u00e3o das despesas e com a garantia de entregas de qualidade \u00e0 popula\u00e7\u00e3o.<\/p>\n<p>Em 2023, a secretaria iniciou, ainda, a constru\u00e7\u00e3o do Planejamento Estrat\u00e9gico para os pr\u00f3ximos quatro anos. A Seplag-MG ganhou novas atribui\u00e7\u00f5es a partir da reforma administrativa aprovada pela ALMG, passando a assumir, cada vez mais, um papel estrat\u00e9gico fundamental no Governo de Minas. O planejamento estrat\u00e9gico tem o objetivo de guiar a atua\u00e7\u00e3o da pasta com foco na busca de alcan\u00e7ar resultados ainda melhores nos servi\u00e7os prestados \u00e0 popula\u00e7\u00e3o de Minas Gerais.<\/p>\n<p>Fonte: Ag\u00eancia Minas<\/p>\n","protected":false},"excerpt":{"rendered":"<p>O\u00a0Governo de Minas, por meio da\u00a0Secretaria de Estado de Planejamento e Gest\u00e3o (Seplag-MG), conquistou nove pr\u00eamios em 2023, incluindo destaques nas diferentes \u00e1reas de atua\u00e7\u00e3o da pasta, como or\u00e7amento, compras p\u00fablicas e atendimento ao cidad\u00e3o. As premia\u00e7\u00f5es refor\u00e7am os resultados do trabalho desenvolvido pela Secretaria, que celebrou seus 20 anos tamb\u00e9m neste ano. O pr\u00eamio [&hellip;]<\/p>\n","protected":false},"author":246,"featured_media":220386,"comment_status":"closed","ping_status":"closed","sticky":false,"template":"","format":"standard","meta":{"footnotes":""},"categories":[436,254,439],"tags":[],"class_list":["post-220385","post","type-post","status-publish","format-standard","has-post-thumbnail","hentry","category-destaque-da-semana","category-politica","category-ultima-hora"],"_links":{"self":[{"href":"https:\/\/diarioregionaldigital.com.br\/index.php?rest_route=\/wp\/v2\/posts\/220385","targetHints":{"allow":["GET"]}}],"collection":[{"href":"https:\/\/diarioregionaldigital.com.br\/index.php?rest_route=\/wp\/v2\/posts"}],"about":[{"href":"https:\/\/diarioregionaldigital.com.br\/index.php?rest_route=\/wp\/v2\/types\/post"}],"author":[{"embeddable":true,"href":"https:\/\/diarioregionaldigital.com.br\/index.php?rest_route=\/wp\/v2\/users\/246"}],"replies":[{"embeddable":true,"href":"https:\/\/diarioregionaldigital.com.br\/index.php?rest_route=%2Fwp%2Fv2%2Fcomments&post=220385"}],"version-history":[{"count":1,"href":"https:\/\/diarioregionaldigital.com.br\/index.php?rest_route=\/wp\/v2\/posts\/220385\/revisions"}],"predecessor-version":[{"id":220387,"href":"https:\/\/diarioregionaldigital.com.br\/index.php?rest_route=\/wp\/v2\/posts\/220385\/revisions\/220387"}],"wp:featuredmedia":[{"embeddable":true,"href":"https:\/\/diarioregionaldigital.com.br\/index.php?rest_route=\/wp\/v2\/media\/220386"}],"wp:attachment":[{"href":"https:\/\/diarioregionaldigital.com.br\/index.php?rest_route=%2Fwp%2Fv2%2Fmedia&parent=220385"}],"wp:term":[{"taxonomy":"category","embeddable":true,"href":"https:\/\/diarioregionaldigital.com.br\/index.php?rest_route=%2Fwp%2Fv2%2Fcategories&post=220385"},{"taxonomy":"post_tag","embeddable":true,"href":"https:\/\/diarioregionaldigital.com.br\/index.php?rest_route=%2Fwp%2Fv2%2Ftags&post=220385"}],"curies":[{"name":"wp","href":"https:\/\/api.w.org\/{rel}","templated":true}]}}