{"id":220379,"date":"2024-01-08T19:50:53","date_gmt":"2024-01-08T22:50:53","guid":{"rendered":"https:\/\/diarioregionaldigital.com.br\/?p=220379"},"modified":"2024-01-08T19:50:53","modified_gmt":"2024-01-08T22:50:53","slug":"minas-gerais-lidera-crescimento-do-turismo-no-brasil-e-fatura-r-34-bilhoes-com-atividade-em-2023","status":"publish","type":"post","link":"https:\/\/diarioregionaldigital.com.br\/?p=220379","title":{"rendered":"Minas Gerais lidera crescimento do turismo no Brasil e fatura R$ 34 bilh\u00f5es com atividade em 2023"},"content":{"rendered":"<p>Minas Gerais \u00e9 l\u00edder de crescimento do turismo no Brasil. Com\u00a031 milh\u00f5es de turistas recebidos\u00a0em 2023, o estado ocupou o primeiro lugar na varia\u00e7\u00e3o do volume da atividade tur\u00edstica acumulada nos \u00faltimos 12 meses, de acordo com o Instituto Brasileiro de Geografia e Estat\u00edstica (IBGE).<\/p>\n<p>Uma das raz\u00f5es \u00e9 a pol\u00edtica de descentraliza\u00e7\u00e3o adotada pelo\u00a0<a href=\"https:\/\/www.mg.gov.br\/\" target=\"_blank\" rel=\"noopener\">Governo de Minas<\/a>, por meio da<a href=\"https:\/\/www.secult.mg.gov.br\/\" target=\"_blank\" rel=\"noopener\">Secretaria de Estado de Cultura e Turismo de Minas Gerais (Secult)<\/a>\u00a0e do\u00a0programa Mais Turistas, que implementa uma s\u00e9rie de a\u00e7\u00f5es para fortalecer o turismo em todo o estado, gerando emprego e renda.<\/p>\n<p>A atividade tur\u00edstica movimentou cerca de R$ 34 bilh\u00f5es no estado em 2023. Minas criou aproximadamente 50 mil empregos na economia da criatividade, n\u00famero que corresponde a 26% de todos os 187.866 postos de trabalho gerados at\u00e9 novembro, segundo dados do Novo Cadastro Geral de Empregados e Desempregados (Caged), colocando o segmento como o principal gerador empregos no estado.<\/p>\n<p>Muitos desses novos empregos est\u00e3o no interior, que viu ampliar o n\u00famero de atrativos tur\u00edsticos, em grande parte por conta dos incentivos do Governo de Minas.<\/p>\n<figure class=\"image\"><img decoding=\"async\" src=\"https:\/\/www.agenciaminas.mg.gov.br\/ckeditor_assets\/pictures\/20034\/content_rota_turistica_cafe_do_cerrado_-_credito_divulgacao-sebrae_1_jpg_4.jpeg\" alt=\"\" \/><figcaption><sub><em>Sebrae \/ Divulga\u00e7\u00e3o<\/em><\/sub><\/figcaption><\/figure>\n<p>Um dos exemplos \u00e9 a rota tur\u00edstica Caf\u00e9s do Cerrado, estruturada pelo Sebrae Minas e lan\u00e7ada pelo Governo do Estado em novembro, durante a Festuris, em Gramado (RS).<\/p>\n<p>Mirando os apreciadores de caf\u00e9, o novo roteiro sediado em Patroc\u00ednio oferece ao visitante a possibilidade de experimentar a bebida com diversos gr\u00e3os premiados, al\u00e9m de conhecer as tecnologias e inova\u00e7\u00f5es do processo produtivo.<\/p>\n<p>O objetivo final \u00e9 atrair turistas para a regi\u00e3o do Cerrado Mineiro, a primeira Denomina\u00e7\u00e3o de Origem (DO) de caf\u00e9s do Brasil.<\/p>\n<p>O produtor rural Osmar Pereira Nunes J\u00fanior, da Fazenda Freitas, avalia que a rota Caf\u00e9s do Cerrado vai beneficiar toda a cadeia produtiva da cidade.<\/p>\n<p>\u201cO turismo vai impulsionar muito a economia local, no com\u00e9rcio, na hotelaria, nos restaurantes. Com isso, n\u00f3s produtores tamb\u00e9m aumentaremos a capacidade de recep\u00e7\u00e3o de clientes novos\u201d, afirma o empres\u00e1rio de Patroc\u00ednio, cidade com maior produ\u00e7\u00e3o de caf\u00e9 do Brasil, englobando 958 produtores.<\/p>\n<p>O interesse da empres\u00e1ria Renata Villela em vir para Minas tamb\u00e9m foi pelas del\u00edcias da terra &#8211; mas, no seu caso, o queijo. A carioca escolheu o Serro para aproveitar as f\u00e9rias com os filhos, de 11 e 8 anos.<\/p>\n<p>\u201cAqui tem tudo. A comida mineira, que \u00e9 a melhor do mundo, cachoeiras maravilhosas e um povo muito acolhedor\u201d, declara Renata, que veio pela primeira vez a Minas, mas pretende voltar logo. \u201cEstou planejando ir ao Inhotim em 2024. Tem muita coisa que quero conhecer em Minas Gerais\u201d, revela.<\/p>\n<p>J\u00e1 o contador Jackson Fernando de Freitas Rodrigues \u00e9 s\u00f3cio de carteirinha. Morador do Rio de Janeiro, ele j\u00e1 veio mais de dez vezes a Minas, motivado principalmente pela natureza, cozinha e cultura. Na \u00faltima viagem, feita com seu namorado no in\u00edcio de dezembro, p\u00f4de conhecer as tradicionais Ouro Preto e Tiradentes.<\/p>\n<figure class=\"image\"><img decoding=\"async\" src=\"https:\/\/www.agenciaminas.mg.gov.br\/ckeditor_assets\/pictures\/20035\/content_jackson_rodrigues_acervo_pessoal_2.jpeg\" alt=\"\" \/><figcaption><sub><em>Jackson Rodrigues &#8211; Arquivo pessoal<\/em><\/sub><\/figcaption><\/figure>\n<p>\u201cUma das coisas que eu mais gosto em Minas s\u00e3o as cachoeiras, que s\u00e3o muitas. E os museus e casar\u00f5es das cidades hist\u00f3ricas, t\u00eam muita cultura, muita diversidade de coisas, o que nos permite conhecer como era antigamente\u201d, conta Jackson Rodrigues, que tem familiares em Carangola e Fervedouro e conhece bem a cozinha mineira.<\/p>\n<p>\u201cDa culin\u00e1ria, eu adoro o torresmo. Tamb\u00e9m gosto bastante da couve, do angu, do tutu, as comidas bem t\u00edpicas\u201d.<\/p>\n<p><strong>Ampliar e diversificar<\/strong><\/p>\n<p>A rota tur\u00edstica Caf\u00e9s do Cerrado foi lan\u00e7ada em conjunto com outras duas: Caf\u00e9s do Sul de Minas, englobando as cidades de Tr\u00eas Pontas, Cambuquira, S\u00e3o Louren\u00e7o, Caxambu, Baependi e Cruz\u00edlia; e Rota das Artes, que abrange Belo Horizonte, S\u00e3o Joaquim de Bicas, Igarap\u00e9, Brumadinho, Congonhas, Ouro Branco, Ouro Preto e Mariana.<\/p>\n<p>Os roteiros fazem parte do Diversifica, projeto que integra o programa Mais Turistas, elaborado em parceria com o Sebrae Minas.<\/p>\n<p>O objetivo \u00e9 estruturar 16 novas rotas nos segmentos gastron\u00f4mico, cultural, religioso, de aventura e de natureza, alcan\u00e7ando munic\u00edpios nas diversas mesorregi\u00f5es do estado.<\/p>\n<p>\u201cA economia da criatividade \u00e9 respons\u00e1vel por mais de 755 mil empregos em toda Minas Gerais. \u00c9 o setor que mais emprega, e ainda faz isso de maneira sustent\u00e1vel. A meta do Mais Turistas e do Minas Criativa \u00e9 criar 100 mil empregos no setor at\u00e9 o final de 2024, e estamos no caminho certo\u201d, adianta o secret\u00e1rio de Estado de Cultura e Turismo de Minas Gerais, Le\u00f4nidas\u00a0Oliveira.<\/p>\n<p>Al\u00e9m de desenvolver a\u00e7\u00f5es no interior diretamente, a pasta mant\u00e9m pol\u00edticas p\u00fablicas que ajudam os munic\u00edpios a fortalecer o turismo local. Uma delas \u00e9 o Programa ICMS Turismo, que, at\u00e9 novembro, j\u00e1 havia repassado mais de R$ 13 milh\u00f5es a 429 cidades. Capit\u00f3lio foi uma das beneficiadas e p\u00f4de usar a verba na elabora\u00e7\u00e3o de um calend\u00e1rio de eventos.<\/p>\n<p>\u201cEste instrumento contempla v\u00e1rias atividades realizadas na cidade durante todo ano, ajudando a atrair mais turistas. Era um sonho dos empres\u00e1rios do trade tur\u00edstico local, e que foi materializado com recursos do ICMS Turismo, da Secult\u201d, conta o secret\u00e1rio de Turismo e Cultura de Capit\u00f3lio, Samuel Maia.<\/p>\n<p><strong>Programa\u00e7\u00e3o cultural<\/strong><\/p>\n<p>Al\u00e9m de ficar em primeiro lugar no crescimento da atividade tur\u00edstica, Minas cresceu muito acima da m\u00e9dia nacional durante todo o ano. O recorde aconteceu em abril, quando o estado registrou crescimento 720% acima do desempenho brasileiro.<\/p>\n<p>O resultado coincidiu com as campanhas de promo\u00e7\u00e3o tur\u00edstica Minas Santa e Semana da Inconfid\u00eancia, ambas lan\u00e7adas em 2023.<\/p>\n<p>Reconhecendo a import\u00e2ncia da Semana Santa para o povo mineiro e o potencial do turismo religioso, a Secult organizou um portf\u00f3lio com a programa\u00e7\u00e3o cultural e religiosa dos munic\u00edpios mineiros no per\u00edodo de 2 a 9\/4.<\/p>\n<p>A divulga\u00e7\u00e3o do panfleto foi realizada juntamente com outras a\u00e7\u00f5es estrat\u00e9gicas, como a parceria com\u00a0<a href=\"https:\/\/www.policiamilitar.mg.gov.br\/\" target=\"_blank\" rel=\"noopener\">Pol\u00edcia Militar<\/a>,\u00a0<a href=\"https:\/\/www.policiacivil.mg.gov.br\/\" target=\"_blank\" rel=\"noopener\">Policia Civil<\/a>\u00a0e\u00a0<a href=\"https:\/\/www.bombeiros.mg.gov.br\/\" target=\"_blank\" rel=\"noopener\">Corpo de Bombeiros de Minas Gerais<\/a>, que garantiram a seguran\u00e7a nos eventos.<\/p>\n<p>Entre os dias 14 e 23 do mesmo m\u00eas, Ouro Preto e Tiradentes foram palco de vasta programa\u00e7\u00e3o cultural. Exposi\u00e7\u00f5es, oficinas, confer\u00eancias, cozinha mineira e shows de m\u00fasica \u2013 incluindo do quarteto \u201c4 Irm\u00e3os\u201d, de L\u00f4 Borges, Telo Borges, Fl\u00e1vio Venturini e Cl\u00e1udio Venturini \u2013 movimentaram as cidades protagonistas da Inconfid\u00eancia Mineira.<\/p>\n<p>Em junho, o Minas Junina, iniciativa lan\u00e7ada em 2023 e realizada em parceria com o\u00a0<a href=\"http:\/\/www.iepha.mg.gov.br\/\" target=\"_blank\" rel=\"noopener\">Instituto Estadual do Patrim\u00f4nio Hist\u00f3rico e Art\u00edstico de Minas Gerais (Iepha-MG)<\/a>, tamb\u00e9m promoveu um calend\u00e1rio especial de eventos das festas juninas espalhadas pelo estado.<\/p>\n<p>O cat\u00e1logo serviu para que turistas pudessem visualizar atrativos oferecidos, como dan\u00e7as, festas, cozinha e artesanato, e programar os passeios pelas cidades, incentivando o fluxo tur\u00edstico.<\/p>\n<p>\u201cOuro Preto teve um crescimento de 80% na taxa de ocupa\u00e7\u00e3o hoteleira durante a Semana da Inconfid\u00eancia, no comparativo com 2022. Cerca de 12 mil pessoas participaram das atividades, com mais de 250 profissionais envolvidos. Pensamos em atra\u00e7\u00f5es espec\u00edficas para esses feriados, desenvolvemos estrat\u00e9gias, promovemos nossos destinos e o resultado veio\u201d, avalia Le\u00f4nidas de Oliveira.<\/p>\n<p>Os dados do Carnaval corroboram a an\u00e1lise. Com sua primeira edi\u00e7\u00e3o em 2023, o Carnaval da Liberdade gerou uma circula\u00e7\u00e3o de 11 milh\u00f5es de pessoas e movimentou R$ 1,5 bilh\u00e3o.<\/p>\n<p>Do fluxo total de turistas, 6 milh\u00f5es foram registrados no interior, superando as estimativas do\u00a0<a href=\"https:\/\/www.observatorioturismo.mg.gov.br\/\" target=\"_blank\" rel=\"noopener\">Observat\u00f3rio do Turismo de Minas Gerais<\/a>, que previa circula\u00e7\u00e3o de 5 milh\u00f5es de pessoas fora da capital.<\/p>\n<p>\u201cMinas Gerais pensou no carnaval como pol\u00edtica p\u00fablica pela primeira vez, em 2023. Mostramos os atrativos para os turistas que queriam desfrutar da folia e para os queriam fugir da agita\u00e7\u00e3o, com o portf\u00f3lio do Carnaval da Tranquilidade. Somente em Belo Horizonte, foi investido ao todo cerca de R$ 30 milh\u00f5es do Carnaval, e a cidade teve R$ 720 milh\u00f5es injetados na economia durante o per\u00edodo\u201d, lembra Oliveira, anunciando as novidades para 2024.<\/p>\n<p>\u201cAmpliamos os investimentos e atra\u00e7\u00f5es. Neste ano teremos sonoriza\u00e7\u00e3o de ruas e avenidas, espa\u00e7os para ensaios dos blocos em Belo Horizonte. Esperamos um fluxo de 12,1 milh\u00f5es de pessoas em todo o estado, com movimenta\u00e7\u00e3o de R$ 1,8 bilh\u00e3o\u201d, complementa o secret\u00e1rio.<\/p>\n<p><strong>Internacional\u00a0<\/strong><\/p>\n<p>Outra novidade de 2023 foi o 1\u00ba Festival Internacional da Cozinha Mineira Contempor\u00e2nea, realizado para celebrar e fortalecer a criatividade e o legado da cultura alimentar e gastron\u00f4mica do estado.<\/p>\n<p>Tendo Cura\u00e7ao como pa\u00eds convidado para a edi\u00e7\u00e3o de estreia, o festival Caipiblue \u2013 mistura da nossa Capirinha com o licor Cura\u00e7ao blue \u2013 atraiu mais de 5 mil visitantes para o Pal\u00e1cio da Liberdade entre os dias 1 e 3\/9.<\/p>\n<p>Quem passou pelo pal\u00e1cio naquele fim de semana teve a oportunidade de comprar produtos regionais diretamente dos produtores, participar do simp\u00f3sio \u201cConversas de Cozinha\u201d, experimentar as del\u00edcias das esta\u00e7\u00f5es gastron\u00f4micas, ouvir m\u00fasica e assistir a shows de palha\u00e7os. O evento ainda contou com encontros de neg\u00f3cios e jantares beneficentes.<\/p>\n<p>\u201cO Festival Internacional da Cozinha Mineira Contempor\u00e2nea \u00e9 uma forma de colocar Minas Gerais na rota do turismo internacional, atraindo tamb\u00e9m investidores de fora. J\u00e1 nesta primeira edi\u00e7\u00e3o, firmamos um programa de interc\u00e2mbio para estudantes mineiros de gastronomia realizarem est\u00e1gio em Cura\u00e7ao. Estamos colocando Minas e a nossa cozinha para o Mundo\u201d, acrescentou Le\u00f4nidas de Oliveira, lembrando que o queijo artesanal mineiro pode se tornar Patrim\u00f4nio Imaterial da Humanidade pela Unesco em 2024.<\/p>\n<p>\u201cMinas est\u00e1 na moda. Nosso trabalho \u00e9 transformar toda a pot\u00eancia da nossa cultura em atrativos tur\u00edsticos para gerar emprego e renda\u201d, complementa.<\/p>\n<p><strong>Natal e R\u00e9veillon\u00a0<\/strong><\/p>\n<p>O sucesso da segunda edi\u00e7\u00e3o da Virada da Liberdade marcou o in\u00edcio de 2024 em Belo Horizonte.<\/p>\n<p>Mais de 30 mil pessoas estiveram presentes na pra\u00e7a do Circuito Liberdade, em uma noite marcada pela tranquilidade, m\u00fasica boa, cozinha mineira, fogos silenciosos e pelo inovador show de luzes proporcionado por 300 drones.<\/p>\n<p>O c\u00e9u da Pra\u00e7a da Liberdade serviu de tela para s\u00edmbolos da mineiridade \u2013 da bandeira de Minas Gerais ao copo lagoinha, passando pela capa do disco \u201cGeraes\u201d, de Milton Nascimento, pelo Congado e pela Igrejinha da Pampulha \u2013, assistidos por belo-horizontinos e turistas.<\/p>\n<p>A comemora\u00e7\u00e3o, realizada pelo Governo de Minas, contou com patroc\u00ednio da\u00a0<a href=\"https:\/\/www.cemig.com.br\/\" target=\"_blank\" rel=\"noopener\">Cemig<\/a>\u00a0e recursos via Lei Estadual de Incentivo \u00e0 Cultura, e apoio da Prefeitura de Belo Horizonte, C\u00e2mara de Dirigentes Lojistas de Belo Horizonte (CDL\/BH), Associa\u00e7\u00e3o Mineira de Munic\u00edpios (AMM), Federa\u00e7\u00e3o das Inst\u00e2ncias de Governan\u00e7a Regional de Minas Gerais (Fecitur) e da Rede de Gestores Municipais de Cultura e Turismo de Minas Gerais.<\/p>\n<p>O clima de festa j\u00e1 estava no ar com Natal da Mineiridade. Tamb\u00e9m em seu segundo ano, a iniciativa reuniu mais de 600 eventos culturais voltados para as celebra\u00e7\u00f5es natalinas, como cantatas, exposi\u00e7\u00f5es de pres\u00e9pios, chegadas de Papai Noel e in\u00fameros shows. Foram 400 munic\u00edpios participantes, o dobro da primeira edi\u00e7\u00e3o, o que ajudou a impulsionar os n\u00fameros do turismo na capital e no interior.<\/p>\n<p>\u201cNo per\u00edodo de Natal e R\u00e9veillon, somente Belo Horizonte movimentou cerca de R$ 2,5 bilh\u00f5es, de acordo coma CDL-BH. No in\u00edcio de dezembro, a cidade teve, pela primeira vez na hist\u00f3ria, 100% de ocupa\u00e7\u00e3o hoteleira. O Natal da Mineiridade e a Virada da Liberdade consolidam os destinos mineiros e impulsionam a economia no final de ano\u201d, aponta Le\u00f4nidas de Oliveira.<\/p>\n<p><strong>Mais jeitos de chegar em Minas<\/strong><\/p>\n<p>O aumento do fluxo tur\u00edstico impactou diretamente a movimenta\u00e7\u00e3o nos aeroportos mineiros.<\/p>\n<p>Em todo o Estado, foram lan\u00e7adas 17 novas conex\u00f5es, representando um crescimento de 20% na conectividade a\u00e9rea de Minas Gerais, segundo a<a href=\"https:\/\/www.desenvolvimento.mg.gov.br\/\" target=\"_blank\" rel=\"noopener\">\u00a0Secretaria de Estado de Desenvolvimento Econ\u00f4mico (Sede-MG)<\/a>.<\/p>\n<p>O n\u00famero de voos internacionais quadriplicou, saltando de dois, em janeiro, para oito, em dezembro. O Aeroporto de Confins, pelo qual circularam 10,4 milh\u00f5es de passageiros em 2023, fechou o ano com rotas diretas para Lisboa (Portugal), Cidade do Panam\u00e1 (Panam\u00e1), Bogot\u00e1 (Col\u00f4mbia), Cura\u00e7ao (Caribe); Fort Lauderdale (Estados Unidos), Orlando (Estados Unidos), Santiago (Chile) e Buenos Aires (Argentina).<\/p>\n<p>O aumento da procura tur\u00edstica tamb\u00e9m fez ampliar a quantidade de rotas nacionais. Apenas no terminal de Confins, foram inaugurados dez trechos dom\u00e9sticos, incluindo tr\u00eas regionais: Palmas (Tocantins); Teresina (Piau\u00ed); Parna\u00edba (Piau\u00ed), com escala em Jericoacoara (Cear\u00e1); Campina Grande (Para\u00edba); Porto Velho (Rond\u00f4nia); Caldas Novas (Goi\u00e1s); e Linhares (Esp\u00edrito Santo); al\u00e9m de Arax\u00e1, Manhua\u00e7u e Salinas, no interior do estado.<\/p>\n<p>A economia de tempo proporcionada pelos voos diretos \u00e9 um grande diferencial para o auxiliar-t\u00e9cnico em seguran\u00e7a do trabalho Davidson da Cruz.<\/p>\n<p>\u201cMoro na Bahia e, de avi\u00e3o, s\u00e3o apenas 47 minutos. J\u00e1 vim duas vezes voando\u201d, conta ele, que tamb\u00e9m j\u00e1 veio ao estado de \u00f4nibus. \u201cPela estrada s\u00e3o cerca de 27 horas. Eu toparia vir de \u00f4nibus outra vez, porque eu gostei muito do estado de Minas Gerais, mas de avi\u00e3o \u00e9 muito melhor\u201d, compara.<\/p>\n<p><b>Minas para o mundo<\/b><\/p>\n<p>Para levar Minas para o mundo, a Secult-MG participou ativamente de feiras e miss\u00f5es internacionais em 2023. Na BTL \u2013 Lisboa, principal feira de turismo de Portugal, o maior emissor europeu de turistas para Minas, o estado esteve presente com estande pr\u00f3prio.<\/p>\n<p>Neste evento, iniciaram-se as tratativas com a Vila Gal\u00e9 para a instala\u00e7\u00e3o de um novo hotel em Ouro Preto. Apenas na primeira fase do projeto, ser\u00e3o investidos R$ 80 milh\u00f5es, gerando 120 empregos permanentes diretos e 600 empregos indiretos.<\/p>\n<p>Na esteira da promo\u00e7\u00e3o do destino Minas ao p\u00fablico europeu, a Secult participou da ITB Berlim (Alemanha), onde iniciou as tratativas para trazer para Arax\u00e1 uma das etapas da Copa do Mundo de Mountain Bike em 2024.<\/p>\n<p>O protocolo de inten\u00e7\u00f5es foi assinado em novembro, em Paris, pelo vice-governador Professor Mateus e o secret\u00e1rio Le\u00f4nidas Oliveira.<\/p>\n<p>O estado esteve representado ainda muitas outras feiras e miss\u00f5es, como a Fitur e a 21\u00aa Madrid Fusi\u00f3n em Madri (Espanha); Vitrina Tur\u00edstica Anato, Bogot\u00e1 (Col\u00f4mbia); FIT Buenos Aires (Argentina); WTM London (Inglaterra); Imex Frankfurt (Alemanha), Imex Las Vegas (EUA) e Santiago (Chile), para o lan\u00e7amento do voo direto entre Santiago e Belo Horizonte.<\/p>\n<p>Os objetivos destas participa\u00e7\u00f5es s\u00e3o apresentar a diversidade de op\u00e7\u00f5es existentes no territ\u00f3rio, atrair mais turistas, com incremento do ticket m\u00e9dio, bem como trabalhar na atra\u00e7\u00e3o de investimentos para o estado, colaborando ainda mais para o desenvolvimento econ\u00f4mico, gera\u00e7\u00e3o emprego e renda e consolida\u00e7\u00e3o de Minas Gerais como um dos destinos mais procurados no Brasil.<\/p>\n<p>Fonte: Ag\u00eancia Brasil<\/p>\n","protected":false},"excerpt":{"rendered":"<p>Minas Gerais \u00e9 l\u00edder de crescimento do turismo no Brasil. Com\u00a031 milh\u00f5es de turistas recebidos\u00a0em 2023, o estado ocupou o primeiro lugar na varia\u00e7\u00e3o do volume da atividade tur\u00edstica acumulada nos \u00faltimos 12 meses, de acordo com o Instituto Brasileiro de Geografia e Estat\u00edstica (IBGE). Uma das raz\u00f5es \u00e9 a pol\u00edtica de descentraliza\u00e7\u00e3o adotada pelo\u00a0Governo [&hellip;]<\/p>\n","protected":false},"author":246,"featured_media":220380,"comment_status":"closed","ping_status":"closed","sticky":false,"template":"","format":"standard","meta":{"footnotes":""},"categories":[436,254,439],"tags":[],"class_list":["post-220379","post","type-post","status-publish","format-standard","has-post-thumbnail","hentry","category-destaque-da-semana","category-politica","category-ultima-hora"],"_links":{"self":[{"href":"https:\/\/diarioregionaldigital.com.br\/index.php?rest_route=\/wp\/v2\/posts\/220379","targetHints":{"allow":["GET"]}}],"collection":[{"href":"https:\/\/diarioregionaldigital.com.br\/index.php?rest_route=\/wp\/v2\/posts"}],"about":[{"href":"https:\/\/diarioregionaldigital.com.br\/index.php?rest_route=\/wp\/v2\/types\/post"}],"author":[{"embeddable":true,"href":"https:\/\/diarioregionaldigital.com.br\/index.php?rest_route=\/wp\/v2\/users\/246"}],"replies":[{"embeddable":true,"href":"https:\/\/diarioregionaldigital.com.br\/index.php?rest_route=%2Fwp%2Fv2%2Fcomments&post=220379"}],"version-history":[{"count":1,"href":"https:\/\/diarioregionaldigital.com.br\/index.php?rest_route=\/wp\/v2\/posts\/220379\/revisions"}],"predecessor-version":[{"id":220381,"href":"https:\/\/diarioregionaldigital.com.br\/index.php?rest_route=\/wp\/v2\/posts\/220379\/revisions\/220381"}],"wp:featuredmedia":[{"embeddable":true,"href":"https:\/\/diarioregionaldigital.com.br\/index.php?rest_route=\/wp\/v2\/media\/220380"}],"wp:attachment":[{"href":"https:\/\/diarioregionaldigital.com.br\/index.php?rest_route=%2Fwp%2Fv2%2Fmedia&parent=220379"}],"wp:term":[{"taxonomy":"category","embeddable":true,"href":"https:\/\/diarioregionaldigital.com.br\/index.php?rest_route=%2Fwp%2Fv2%2Fcategories&post=220379"},{"taxonomy":"post_tag","embeddable":true,"href":"https:\/\/diarioregionaldigital.com.br\/index.php?rest_route=%2Fwp%2Fv2%2Ftags&post=220379"}],"curies":[{"name":"wp","href":"https:\/\/api.w.org\/{rel}","templated":true}]}}