{"id":220376,"date":"2024-01-08T19:49:53","date_gmt":"2024-01-08T22:49:53","guid":{"rendered":"https:\/\/diarioregionaldigital.com.br\/?p=220376"},"modified":"2024-01-08T19:49:53","modified_gmt":"2024-01-08T22:49:53","slug":"governo-de-minas-inaugura-mais-uma-unidade-basica-de-saude-no-interior-do-estado","status":"publish","type":"post","link":"https:\/\/diarioregionaldigital.com.br\/?p=220376","title":{"rendered":"Governo de Minas inaugura mais uma Unidade B\u00e1sica de Sa\u00fade no interior do estado"},"content":{"rendered":"<p>Seguindo o objetivo de levar a sa\u00fade cada vez mais perto das pessoas, o\u00a0<a href=\"https:\/\/www.mg.gov.br\/\" target=\"_blank\" rel=\"noopener\">Governo de Minas<\/a>\u00a0inaugurou, nesta segunda-feira (8\/1), mais uma Unidade B\u00e1sica de Sa\u00fade (UBS), dessa vez em Corinto, a 145 quil\u00f4metros\u00a0de Sete Lagoas, regi\u00e3o Central do estado.<\/p>\n<p>A obra teve aporte do governo, por meio da\u00a0<a href=\"https:\/\/www.saude.mg.gov.br\/\" target=\"_blank\" rel=\"noopener\">Secretaria de Estado de Sa\u00fade de Minas Gerais (SES-MG)<\/a>, de quase R$ 990 mil, al\u00e9m de\u00a0incentivo extra da ordem de R$ 695 mil, totalizando cerca de R$ 1,6 milh\u00e3o.<\/p>\n<p>Al\u00e9m destes valores, destinados \u00e0 constru\u00e7\u00e3o da nova UBS, o munic\u00edpio recebeu R$ 350 mil para a reforma de unidades b\u00e1sicas de sa\u00fade j\u00e1 existentes.<\/p>\n<p>Terezinha Am\u00e2ncio, moradora de Corinto, diz que houve grande melhoria nas instala\u00e7\u00f5es e que elas s\u00e3o sentidas por todos, incluindo os profissionais que podem trabalhar com mais tranquilidade e conforto. \u201cO atendimento de excel\u00eancia \u00e9 caracter\u00edstica do nosso Programa de Sa\u00fade da Fam\u00edlia (PSF), principalmente agora, com a UBS que tem uma infraestrutura de qualidade\u201d, ressalta.<\/p>\n<p>Uma das pacientes cadastradas na nova\u00a0unidade, a\u00a0banc\u00e1ria Greicielle Gomes de Carvalho j\u00e1\u00a0precisou acessar servi\u00e7os p\u00fablicos de sa\u00fade na cidade e recebe a nova UBS\u00a0com a expectativa de ter ainda mais\u00a0cuidados\u00a0. \u201cA\u00a0equipe do PSF teve o cuidado de organizar os atendimentos, de acordo com o hor\u00e1rio de trabalho, para que pudesse ter o atendimento m\u00e9dico necess\u00e1rio\u201d, conta.<\/p>\n<p>Conhecida como a \u201cterra dos cristais\u201d e tamb\u00e9m como o \u201ccentro das Gerais\u201d, Corinto tem cerca de 23 mil habitantes. A cidade j\u00e1 recebeu &#8211; entre 2019 e 2023 &#8211; cerca de R$ 14,3 milh\u00f5es do Governo de Minas, para uso na sa\u00fade do munic\u00edpio. Os valores foram repassados ao Fundo Municipal de Sa\u00fade.<\/p>\n<p>Para o secret\u00e1rio de Estado de Sa\u00fade de Minas Gerais, F\u00e1bio Baccheretti, a nova UBS vai oferecer mais servi\u00e7os de sa\u00fade de qualidade \u00e0\u00a0popula\u00e7\u00e3o atendida.<\/p>\n<p>\u201dQuando assumimos o governo, havia mais de 150 obras paralisadas por falta de repasse do Estado, como esta de Corinto, parada desde 2012. Fizemos o repasse com um aditivo de cerca de R$ 1,6 milh\u00e3o. O nosso objetivo \u00e9 levar os servi\u00e7os de sa\u00fade cada vez mais perto do cidad\u00e3o, lembrando que, al\u00e9m das obras das UBSs que estavam paradas, novas UBSs\u00a0est\u00e3o sendo entregues na nossa gest\u00e3o para que os mineiros possam ter promo\u00e7\u00e3o e preven\u00e7\u00e3o de sa\u00fade\u201d, refor\u00e7ou o secret\u00e1rio.<\/p>\n<figure class=\"image\"><img decoding=\"async\" src=\"https:\/\/www.agenciaminas.mg.gov.br\/ckeditor_assets\/pictures\/20037\/content_080124_fabio_marchetto_5.jpg\" alt=\"\" \/><figcaption><sub><em>F\u00e1bio Marchetto \/ SES-MG\u00a0<\/em><\/sub><\/figcaption><\/figure>\n<p><strong>Mais investimentos<\/strong><\/p>\n<p>Somando os aportes do governo para constru\u00e7\u00e3o e reforma de unidades em todo o estado, os valores chegam a R$ 400 milh\u00f5es, de acordo com a Resolu\u00e7\u00e3o SES-MG N\u00ba 8.753\/2023<\/p>\n<p>\u201cCome\u00e7amos o ano com boas not\u00edcias aqui em Corinto, inaugurando uma UBS, uma obra antiga, parada h\u00e1 mais de dez\u00a0anos. Isso mostra que o Governo do Estado se preocupa com a sa\u00fade de cada cidad\u00e3o, em todos os munic\u00edpios\u201d, afirmou o secret\u00e1rio de Estado de Governo de Minas Gerais, Gustavo Valadares.<\/p>\n<p>Iolanda Auxiliadora da Silva Castro, secret\u00e1ria Municipal de Sa\u00fade, destaca a entrega de um novo pr\u00e9dio da Unidade B\u00e1sica de Sa\u00fade, com mais conforto para o atendimento \u00e0\u00a0popula\u00e7\u00e3o. \u201cO pr\u00e9dio conta com elevador para acessibilidade a cadeirantes que venham fazer tratamento odontol\u00f3gico, al\u00e9m de sala de soroterapia para aqueles pacientes que necessitam de administra\u00e7\u00e3o de soro\u201d.<\/p>\n<p>De acordo com a coordenadora da Aten\u00e7\u00e3o Prim\u00e1ria de Corinto, Ana Cristina dos Santos Gomes, a nova UBS, que recebe o nome de Unidade Marcos Pereira Viana, trar\u00e1 melhorias para a sa\u00fade no munic\u00edpio, com maior capacidade de servi\u00e7os oferecidos. \u201cPodemos contar com 30 consultas por dia com cl\u00ednico geral, atendimento de enfermagem, com a realiza\u00e7\u00e3o de exames citopatol\u00f3gicos, testes r\u00e1pidos para HIV, s\u00edfilis, hepatites virais, teste para covid-19, puericultura e o tratamento odontol\u00f3gico para melhor atender a popula\u00e7\u00e3o de Corinto\u201d.<\/p>\n<p>Na Unidade B\u00e1sica de Sa\u00fade, a popula\u00e7\u00e3o pode contar tamb\u00e9m com dispensa\u00e7\u00e3o de medicamentos b\u00e1sicos, teste de gravidez (TIG), preservativos e contraceptivos;\u00a0 acompanhamento de gestantes e do beb\u00ea (pr\u00e9-natal e puericultura); curativo; exame preventivo (c\u00e2ncer de colo de \u00fatero); nebuliza\u00e7\u00e3o; planejamento familiar e grupo de educa\u00e7\u00e3o em sa\u00fade.<\/p>\n<p>A nova Unidade B\u00e1sica de Sa\u00fade de Corinto fica \u00e0\u00a0Rua Antonio Vieira Machado s\/n, Centro, e tem capacidade para atender cerca de 30 pessoas por dia. O atendimento ocorre de segunda a sexta-feira, de 7h \u00e0s 16h, ou em hor\u00e1rios e dias alternativos, a depender da necessidade.<\/p>\n<p>Fonte: Ag\u00eancia Minas<\/p>\n","protected":false},"excerpt":{"rendered":"<p>Seguindo o objetivo de levar a sa\u00fade cada vez mais perto das pessoas, o\u00a0Governo de Minas\u00a0inaugurou, nesta segunda-feira (8\/1), mais uma Unidade B\u00e1sica de Sa\u00fade (UBS), dessa vez em Corinto, a 145 quil\u00f4metros\u00a0de Sete Lagoas, regi\u00e3o Central do estado. A obra teve aporte do governo, por meio da\u00a0Secretaria de Estado de Sa\u00fade de Minas Gerais [&hellip;]<\/p>\n","protected":false},"author":246,"featured_media":220377,"comment_status":"closed","ping_status":"closed","sticky":false,"template":"","format":"standard","meta":{"footnotes":""},"categories":[436,440,254,439],"tags":[],"class_list":["post-220376","post","type-post","status-publish","format-standard","has-post-thumbnail","hentry","category-destaque-da-semana","category-destaques-do-dia","category-politica","category-ultima-hora"],"_links":{"self":[{"href":"https:\/\/diarioregionaldigital.com.br\/index.php?rest_route=\/wp\/v2\/posts\/220376","targetHints":{"allow":["GET"]}}],"collection":[{"href":"https:\/\/diarioregionaldigital.com.br\/index.php?rest_route=\/wp\/v2\/posts"}],"about":[{"href":"https:\/\/diarioregionaldigital.com.br\/index.php?rest_route=\/wp\/v2\/types\/post"}],"author":[{"embeddable":true,"href":"https:\/\/diarioregionaldigital.com.br\/index.php?rest_route=\/wp\/v2\/users\/246"}],"replies":[{"embeddable":true,"href":"https:\/\/diarioregionaldigital.com.br\/index.php?rest_route=%2Fwp%2Fv2%2Fcomments&post=220376"}],"version-history":[{"count":1,"href":"https:\/\/diarioregionaldigital.com.br\/index.php?rest_route=\/wp\/v2\/posts\/220376\/revisions"}],"predecessor-version":[{"id":220378,"href":"https:\/\/diarioregionaldigital.com.br\/index.php?rest_route=\/wp\/v2\/posts\/220376\/revisions\/220378"}],"wp:featuredmedia":[{"embeddable":true,"href":"https:\/\/diarioregionaldigital.com.br\/index.php?rest_route=\/wp\/v2\/media\/220377"}],"wp:attachment":[{"href":"https:\/\/diarioregionaldigital.com.br\/index.php?rest_route=%2Fwp%2Fv2%2Fmedia&parent=220376"}],"wp:term":[{"taxonomy":"category","embeddable":true,"href":"https:\/\/diarioregionaldigital.com.br\/index.php?rest_route=%2Fwp%2Fv2%2Fcategories&post=220376"},{"taxonomy":"post_tag","embeddable":true,"href":"https:\/\/diarioregionaldigital.com.br\/index.php?rest_route=%2Fwp%2Fv2%2Ftags&post=220376"}],"curies":[{"name":"wp","href":"https:\/\/api.w.org\/{rel}","templated":true}]}}