{"id":220361,"date":"2024-01-05T18:33:52","date_gmt":"2024-01-05T21:33:52","guid":{"rendered":"https:\/\/diarioregionaldigital.com.br\/?p=220361"},"modified":"2024-01-05T18:33:52","modified_gmt":"2024-01-05T21:33:52","slug":"pcmg-esclarece-homicidio-de-jovem-desaparecida-em-juiz-de-fora","status":"publish","type":"post","link":"https:\/\/diarioregionaldigital.com.br\/?p=220361","title":{"rendered":"PCMG esclarece homic\u00eddio de jovem desaparecida em Juiz de Fora"},"content":{"rendered":"<p>A Pol\u00edcia Civil de Minas Gerais (PCMG) esclareceu as circunst\u00e2ncias da morte de uma mulher, de 24 anos, que estava desaparecida desde a noite do \u00faltimo dia 2. Os suspeitos do crime, um homem de 31 anos e sua companheira, de 30, foram presos e o corpo da v\u00edtima, localizado em uma mata no bairro Milho Branco, Zona Norte de Juiz de Fora.<br \/>\nConforme apurado pela 1\u00aa Delegacia de Pol\u00edcia Civil e pela Delegacia Especializada de Investiga\u00e7\u00e3o de Homic\u00eddios em Juiz de Fora, na noite do desaparecimento, a jovem teria solicitado um motot\u00e1xi e um carro de aplicativo para um endere\u00e7o no bairro Previdenci\u00e1rios. Por conta da chuva, ela optou por cancelar o motot\u00e1xi e seguiu para o destino com o carro de aplicativo.<br \/>\nDepois disso, a jovem n\u00e3o foi mais vista.<\/p>\n<p>De acordo com a assessoria, logo que a fam\u00edlia da jovem compareceu \u00e0 Delegacia de Plant\u00e3o, na noite do dia 3, foram iniciados os levantamentos. Em an\u00e1lise de imagens das c\u00e2meras de seguran\u00e7a de um pr\u00e9dio, no bairro Previdenci\u00e1rios, policiais identificaram a v\u00edtima chegando ao apartamento do casal suspeito, por volta de meia-noite, onde inclusive foi feito o registro de entrada dela no livro de visitantes. Horas depois, c\u00e2meras de seguran\u00e7a registraram os suspeitos saindo do apartamento com um embrulho grande e entrando em um carro de aplicativo, que seguiu at\u00e9 o bairro Milho Branco.<\/p>\n<p>Com base nessas informa\u00e7\u00f5es, o casal foi conduzido \u00e0 delegacia e, durante declara\u00e7\u00f5es, confessaram o crime. Eles contaram que, ap\u00f3s fazerem uso de bebida alco\u00f3lica, se desentenderam e, nesse momento, o homem ficou nervoso e asfixiou a v\u00edtima at\u00e9 mat\u00e1-la.<br \/>\nO delegado Samuel Neri contou que, depois de morta, a jovem foi colocada dentro de uma mala. &#8220;Como n\u00e3o fechou, o suspeito relatou ainda que foi necess\u00e1rio envolver a mala em um cobertor, para que parte do corpo n\u00e3o aparecesse&#8221;, acrescentou.<br \/>\nDe acordo com os suspeitos, quando chegaram ao bairro Milho Branco, eles foram a um im\u00f3vel da fam\u00edlia, onde buscaram f\u00f3sforos e \u00e1lcool. Em seguida, levaram a mala com o corpo da jovem at\u00e9 uma mata pr\u00f3xima e atearam fogo.<br \/>\nAp\u00f3s interrogat\u00f3rio os suspeitos apontaram o local onde deixaram o corpo da jovem, o qual foi localizado pela equipe da PCMG, semicarbonizado e com os seus pertences. &#8220;Segundo os suspeitos, a mala foi empurrada na ribanceira ainda pegando fogo&#8221;, contou Neri.<\/p>\n<p>O caso segue em apura\u00e7\u00e3o, no entanto, o delegado Samuel Neri considera que o casal ir\u00e1 responder por homic\u00eddio, qualificado por motivo f\u00fatil, pela asfixia e pelo\u00a0feminic\u00eddio.<\/p>\n","protected":false},"excerpt":{"rendered":"<p>A Pol\u00edcia Civil de Minas Gerais (PCMG) esclareceu as circunst\u00e2ncias da morte de uma mulher, de 24 anos, que estava desaparecida desde a noite do \u00faltimo dia 2. Os suspeitos do crime, um homem de 31 anos e sua companheira, de 30, foram presos e o corpo da v\u00edtima, localizado em uma mata no bairro [&hellip;]<\/p>\n","protected":false},"author":246,"featured_media":220362,"comment_status":"closed","ping_status":"closed","sticky":false,"template":"","format":"standard","meta":{"footnotes":""},"categories":[301,439],"tags":[],"class_list":["post-220361","post","type-post","status-publish","format-standard","has-post-thumbnail","hentry","category-artigos-policiais","category-ultima-hora"],"_links":{"self":[{"href":"https:\/\/diarioregionaldigital.com.br\/index.php?rest_route=\/wp\/v2\/posts\/220361","targetHints":{"allow":["GET"]}}],"collection":[{"href":"https:\/\/diarioregionaldigital.com.br\/index.php?rest_route=\/wp\/v2\/posts"}],"about":[{"href":"https:\/\/diarioregionaldigital.com.br\/index.php?rest_route=\/wp\/v2\/types\/post"}],"author":[{"embeddable":true,"href":"https:\/\/diarioregionaldigital.com.br\/index.php?rest_route=\/wp\/v2\/users\/246"}],"replies":[{"embeddable":true,"href":"https:\/\/diarioregionaldigital.com.br\/index.php?rest_route=%2Fwp%2Fv2%2Fcomments&post=220361"}],"version-history":[{"count":1,"href":"https:\/\/diarioregionaldigital.com.br\/index.php?rest_route=\/wp\/v2\/posts\/220361\/revisions"}],"predecessor-version":[{"id":220363,"href":"https:\/\/diarioregionaldigital.com.br\/index.php?rest_route=\/wp\/v2\/posts\/220361\/revisions\/220363"}],"wp:featuredmedia":[{"embeddable":true,"href":"https:\/\/diarioregionaldigital.com.br\/index.php?rest_route=\/wp\/v2\/media\/220362"}],"wp:attachment":[{"href":"https:\/\/diarioregionaldigital.com.br\/index.php?rest_route=%2Fwp%2Fv2%2Fmedia&parent=220361"}],"wp:term":[{"taxonomy":"category","embeddable":true,"href":"https:\/\/diarioregionaldigital.com.br\/index.php?rest_route=%2Fwp%2Fv2%2Fcategories&post=220361"},{"taxonomy":"post_tag","embeddable":true,"href":"https:\/\/diarioregionaldigital.com.br\/index.php?rest_route=%2Fwp%2Fv2%2Ftags&post=220361"}],"curies":[{"name":"wp","href":"https:\/\/api.w.org\/{rel}","templated":true}]}}