{"id":220354,"date":"2024-01-05T18:14:41","date_gmt":"2024-01-05T21:14:41","guid":{"rendered":"https:\/\/diarioregionaldigital.com.br\/?p=220354"},"modified":"2024-01-05T18:14:41","modified_gmt":"2024-01-05T21:14:41","slug":"queima-de-fogos-no-reveillon-reduz-apos-campanha-de-conscientizacao-da-pjf","status":"publish","type":"post","link":"https:\/\/diarioregionaldigital.com.br\/?p=220354","title":{"rendered":"Queima de fogos no r\u00e9veillon reduz ap\u00f3s campanha de conscientiza\u00e7\u00e3o da PJF"},"content":{"rendered":"<p>Segundo informa\u00e7\u00f5es do site da Prefeitura de Juiz de Fora (PJF), a PJF promoveu a campanha \u201c\u00c9 tempo de luz\u201d para conscientizar sobre a lei que pro\u00edbe a soltura de fogos de artif\u00edcio com ru\u00eddo no munic\u00edpio. Al\u00e9m de a\u00e7\u00f5es preventivas, a fiscaliza\u00e7\u00e3o foi intensificada. Na virada do ano, nos dias 31 e 1\u00ba, a fiscaliza\u00e7\u00e3o da Secretaria de Sustentabilidade em Meio Ambiente e Atividades Urbanas (Sesmaur) recebeu 62 den\u00fancias de queima irregular de fogos.<\/p>\n<p>&nbsp;<\/p>\n<div>A lei 14.296\/2021 pro\u00edbe o manuseio, a utiliza\u00e7\u00e3o e a soltura de fogos de artif\u00edcio de efeito sonoro ruidoso de alta intensidade (classes &#8220;C&#8221; e &#8220;D&#8221;). A multa \u00e9 de\u00a0 R$ 1 mil, valor dobrado em caso de reincid\u00eancia. As den\u00fancias foram realizadas por pessoas f\u00edsicas pelo WhatsApp da fiscaliza\u00e7\u00e3o da Secretaria de Sustentabilidade em Meio Ambiente e Atividades Urbanas (Sesmaur). Com um plant\u00e3o concentrado no s\u00e1bado e na virada, a \u00faltima den\u00fancia foi registrada \u00e0s 2h30. Todos os endere\u00e7os denunciados est\u00e3o sendo notificados.<\/div>\n<p>&nbsp;<\/p>\n<div>Em uma a\u00e7\u00e3o preventiva da PJF, junto com a Ag\u00eancia de Prote\u00e7\u00e3o e Defesa do Consumidor (Procon) e com o Corpo de Bombeiros, v\u00e1rios estabelecimentos de com\u00e9rcio varejista de fogos de artif\u00edcio foram vistoriados durante o m\u00eas de dezembro. A fiscaliza\u00e7\u00e3o constatou alvar\u00e1s vencidos e o Corpo dos Bombeiros multou dois estabelecimentos pela falta do Auto de Vistoria do Corpo de Bombeiros. O Procon orientou sobre a precifica\u00e7\u00e3o dos produtos e a obrigatoriedade de ter a legisla\u00e7\u00e3o do consumidor dispon\u00edvel, o C\u00f3digo de Defesa do Consumidor.<\/div>\n<p>&nbsp;<\/p>\n<div>Como ressalta a secret\u00e1ria de Sustentabilidade em Meio Ambiente e Atividades Urbanas, Aline Junqueira, a campanha preventiva tem resultado positivo na cidade. \u201cCom a campanha da virada, n\u00f3s vimos a mudan\u00e7a e vamos continuar notificando e identificando os locais que t\u00eam a pr\u00e1tica. Seguiremos trabalhando, mas o fundamental \u00e9 que se mude o comportamento, que a gente tenha empatia e compaix\u00e3o na hora de comemorar.\u201d<\/div>\n<p>&nbsp;<\/p>\n<div>Atrav\u00e9s de autos de notifica\u00e7\u00e3o emitidos para locais que realizam eventos (bares, clubes, casas de shows, restaurantes, campos de futebol), condom\u00ednios e com\u00e9rcio varejista de fogos, o saldo foi de um Ano Novo sem queima de fogos ou com queimas de fogos com barulho de baixa intensidade, classificados em \u201cA\u201d e \u201cB\u201d: A iniciativa respeita a todos que s\u00e3o atordoados pelo barulho, como idosos, acamados, crian\u00e7as, neurodivergentes e pets.<\/p>\n<p><strong>Denuncie<\/strong><\/p>\n<p>Para denunciar locais que estejam vendendo fogos de artif\u00edcio de forma irregular, com efeito sonoro ruidoso de alta intensidade, os cidad\u00e3os devem enviar mensagem por WhatsApp para o telefone (32) 3690-7984.<\/p><\/div>\n","protected":false},"excerpt":{"rendered":"<p>Segundo informa\u00e7\u00f5es do site da Prefeitura de Juiz de Fora (PJF), a PJF promoveu a campanha \u201c\u00c9 tempo de luz\u201d para conscientizar sobre a lei que pro\u00edbe a soltura de fogos de artif\u00edcio com ru\u00eddo no munic\u00edpio. Al\u00e9m de a\u00e7\u00f5es preventivas, a fiscaliza\u00e7\u00e3o foi intensificada. Na virada do ano, nos dias 31 e 1\u00ba, a [&hellip;]<\/p>\n","protected":false},"author":246,"featured_media":220355,"comment_status":"closed","ping_status":"closed","sticky":false,"template":"","format":"standard","meta":{"footnotes":""},"categories":[253,436,439],"tags":[],"class_list":["post-220354","post","type-post","status-publish","format-standard","has-post-thumbnail","hentry","category-cidade","category-destaque-da-semana","category-ultima-hora"],"_links":{"self":[{"href":"https:\/\/diarioregionaldigital.com.br\/index.php?rest_route=\/wp\/v2\/posts\/220354","targetHints":{"allow":["GET"]}}],"collection":[{"href":"https:\/\/diarioregionaldigital.com.br\/index.php?rest_route=\/wp\/v2\/posts"}],"about":[{"href":"https:\/\/diarioregionaldigital.com.br\/index.php?rest_route=\/wp\/v2\/types\/post"}],"author":[{"embeddable":true,"href":"https:\/\/diarioregionaldigital.com.br\/index.php?rest_route=\/wp\/v2\/users\/246"}],"replies":[{"embeddable":true,"href":"https:\/\/diarioregionaldigital.com.br\/index.php?rest_route=%2Fwp%2Fv2%2Fcomments&post=220354"}],"version-history":[{"count":1,"href":"https:\/\/diarioregionaldigital.com.br\/index.php?rest_route=\/wp\/v2\/posts\/220354\/revisions"}],"predecessor-version":[{"id":220356,"href":"https:\/\/diarioregionaldigital.com.br\/index.php?rest_route=\/wp\/v2\/posts\/220354\/revisions\/220356"}],"wp:featuredmedia":[{"embeddable":true,"href":"https:\/\/diarioregionaldigital.com.br\/index.php?rest_route=\/wp\/v2\/media\/220355"}],"wp:attachment":[{"href":"https:\/\/diarioregionaldigital.com.br\/index.php?rest_route=%2Fwp%2Fv2%2Fmedia&parent=220354"}],"wp:term":[{"taxonomy":"category","embeddable":true,"href":"https:\/\/diarioregionaldigital.com.br\/index.php?rest_route=%2Fwp%2Fv2%2Fcategories&post=220354"},{"taxonomy":"post_tag","embeddable":true,"href":"https:\/\/diarioregionaldigital.com.br\/index.php?rest_route=%2Fwp%2Fv2%2Ftags&post=220354"}],"curies":[{"name":"wp","href":"https:\/\/api.w.org\/{rel}","templated":true}]}}