{"id":220351,"date":"2024-01-05T18:12:20","date_gmt":"2024-01-05T21:12:20","guid":{"rendered":"https:\/\/diarioregionaldigital.com.br\/?p=220351"},"modified":"2024-01-05T18:13:48","modified_gmt":"2024-01-05T21:13:48","slug":"festival-que-tal-um-cafe-e-prorrogado-ate-a-primeira-metade-de-fevereiro","status":"publish","type":"post","link":"https:\/\/diarioregionaldigital.com.br\/?p=220351","title":{"rendered":"Festival \u201cQue tal um Caf\u00e9?\u201d \u00e9 prorrogado at\u00e9 a primeira metade de fevereiro"},"content":{"rendered":"<p>Segundo informa\u00e7\u00f5es do site da Prefeitura de Juiz de Fora (PJF), o\u00a0festival \u201cQue tal um Caf\u00e9?\u201d, que oferece uma experi\u00eancia \u00fanica de caf\u00e9 da manh\u00e3 em dez hot\u00e9is de Juiz de Fora a pre\u00e7os acess\u00edveis para os n\u00e3o h\u00f3spedes, ter\u00e1 seu prazo de vig\u00eancia prorrogado. Inicialmente com encerramento previsto para este s\u00e1bado, 6, o projeto foi estendido at\u00e9 o dia 13 de fevereiro, proporcionando mais oportunidades para os moradores e turistas aproveitarem diversas experi\u00eancias gastron\u00f4micas.<\/p>\n<p>Um dos destaques \u00e9 a variedade de produtos locais, como queijos, doces, geleias, frutas, biscoitos, p\u00e3o alem\u00e3o e outros itens que comp\u00f5em a refei\u00e7\u00e3o mais importante do dia. Os valores variam de R$ 35,00 a R$ 50,00 por pessoa. Integram a a\u00e7\u00e3o nomes como o Ritz Plaza Hotel, Green Hill, Constantino, Nobile, C\u00e9sar Park Hotel Inn, C\u00e9sar Inn, Trade Hotel, Hotel S\u00e3o Luiz, Serrano Residencial Hotel e Grande Hotel Renascen\u00e7a.<br \/>\nO prop\u00f3sito \u00e9 contribuir para o aumento da receita na rede hoteleira, al\u00e9m de promover a gera\u00e7\u00e3o de emprego e renda. Tamb\u00e9m tem como foco atrair turistas para\u00a0 o munic\u00edpio, combater o desperd\u00edcio de alimentos e incentivar o uso dos hot\u00e9is para encontros corporativos, comemora\u00e7\u00f5es, reuni\u00e3o de neg\u00f3cios e ocasi\u00f5es especiais,\u00a0 fortalecendo a produ\u00e7\u00e3o local e senso de pertencimento da comunidade.<\/p>\n<p>De acordo com o secret\u00e1rio de Turismo, Marcelo do Carmo, o projeto \u201cQue tal um Caf\u00e9?\u201d \u00e9 um trabalho focado na qualidade.\u00a0 \u201cNesse primeiro momento, foi observado um aumento no n\u00famero de pessoas que tomaram caf\u00e9 da manh\u00e3 nos dez hot\u00e9is, o que impulsionou o crescimento da rede de turismo e a incorpora\u00e7\u00e3o de novos fornecedores e produtos locais. Al\u00e9m disso, com a prorroga\u00e7\u00e3o do festival, busca-se fortalecer a parceria\u00a0 da Prefeitura com a produ\u00e7\u00e3o agropecu\u00e1ria local\u201d, disse o secret\u00e1rio.<br \/>\nCoordenado pela Secretaria de Turismo (Setur) da Prefeitura de Juiz de Fora (PJF) com o apoio do Sindicato dos Hot\u00e9is, Restaurantes, Bares e Similares de Juiz de Fora (Shrbs),\u00a0o projeto foi lan\u00e7ado, oficialmente, no final de novembro, em solenidade que aconteceu no Museu Ferrovi\u00e1rio. Na ocasi\u00e3o, foi anunciado que o caf\u00e9 da manh\u00e3 estar\u00e1 entre as categorias que participar\u00e3o do JF Sabor 2024.<\/p>\n","protected":false},"excerpt":{"rendered":"<p>Segundo informa\u00e7\u00f5es do site da Prefeitura de Juiz de Fora (PJF), o\u00a0festival \u201cQue tal um Caf\u00e9?\u201d, que oferece uma experi\u00eancia \u00fanica de caf\u00e9 da manh\u00e3 em dez hot\u00e9is de Juiz de Fora a pre\u00e7os acess\u00edveis para os n\u00e3o h\u00f3spedes, ter\u00e1 seu prazo de vig\u00eancia prorrogado. Inicialmente com encerramento previsto para este s\u00e1bado, 6, o projeto [&hellip;]<\/p>\n","protected":false},"author":246,"featured_media":220352,"comment_status":"closed","ping_status":"closed","sticky":false,"template":"","format":"standard","meta":{"footnotes":""},"categories":[253,436,439],"tags":[],"class_list":["post-220351","post","type-post","status-publish","format-standard","has-post-thumbnail","hentry","category-cidade","category-destaque-da-semana","category-ultima-hora"],"_links":{"self":[{"href":"https:\/\/diarioregionaldigital.com.br\/index.php?rest_route=\/wp\/v2\/posts\/220351","targetHints":{"allow":["GET"]}}],"collection":[{"href":"https:\/\/diarioregionaldigital.com.br\/index.php?rest_route=\/wp\/v2\/posts"}],"about":[{"href":"https:\/\/diarioregionaldigital.com.br\/index.php?rest_route=\/wp\/v2\/types\/post"}],"author":[{"embeddable":true,"href":"https:\/\/diarioregionaldigital.com.br\/index.php?rest_route=\/wp\/v2\/users\/246"}],"replies":[{"embeddable":true,"href":"https:\/\/diarioregionaldigital.com.br\/index.php?rest_route=%2Fwp%2Fv2%2Fcomments&post=220351"}],"version-history":[{"count":1,"href":"https:\/\/diarioregionaldigital.com.br\/index.php?rest_route=\/wp\/v2\/posts\/220351\/revisions"}],"predecessor-version":[{"id":220353,"href":"https:\/\/diarioregionaldigital.com.br\/index.php?rest_route=\/wp\/v2\/posts\/220351\/revisions\/220353"}],"wp:featuredmedia":[{"embeddable":true,"href":"https:\/\/diarioregionaldigital.com.br\/index.php?rest_route=\/wp\/v2\/media\/220352"}],"wp:attachment":[{"href":"https:\/\/diarioregionaldigital.com.br\/index.php?rest_route=%2Fwp%2Fv2%2Fmedia&parent=220351"}],"wp:term":[{"taxonomy":"category","embeddable":true,"href":"https:\/\/diarioregionaldigital.com.br\/index.php?rest_route=%2Fwp%2Fv2%2Fcategories&post=220351"},{"taxonomy":"post_tag","embeddable":true,"href":"https:\/\/diarioregionaldigital.com.br\/index.php?rest_route=%2Fwp%2Fv2%2Ftags&post=220351"}],"curies":[{"name":"wp","href":"https:\/\/api.w.org\/{rel}","templated":true}]}}