{"id":220348,"date":"2024-01-05T18:11:07","date_gmt":"2024-01-05T21:11:07","guid":{"rendered":"https:\/\/diarioregionaldigital.com.br\/?p=220348"},"modified":"2024-01-05T18:11:07","modified_gmt":"2024-01-05T21:11:07","slug":"ferias-de-verao-praca-ceu-oferece-auloes-gratuitos-de-danca-urbanas-e-de-ginastica","status":"publish","type":"post","link":"https:\/\/diarioregionaldigital.com.br\/?p=220348","title":{"rendered":"F\u00e9rias de ver\u00e3o: Pra\u00e7a CEU oferece aul\u00f5es gratuitos de Dan\u00e7a Urbanas e de Gin\u00e1stica"},"content":{"rendered":"<p>Segundo informa\u00e7\u00f5es do sie da Prefeitura de Juiz de Fora (PJF), as f\u00e9rias de ver\u00e3o ganharam uma programa\u00e7\u00e3o especial na Pra\u00e7a CEU (Centro de Artes e Esportes Unificados Coronel Adelmir Romualdo de Oliveira), mantida pela Prefeitura de Juiz de Fora (PJF). Al\u00e9m da Col\u00f4nia de F\u00e9rias, que acontece de 16 a 19 de janeiro, o equipamento cultural est\u00e1 recebendo inscri\u00e7\u00f5es para aul\u00f5es gratuitos de Dan\u00e7as Urbanas e de Gin\u00e1stica. As vagas ser\u00e3o preenchidas por ordem de inscri\u00e7\u00e3o, que deve ser formalizada na secretaria da unidade, localizada na Avenida Juscelino Kubitschek, 5.899, Benfica. \u00c9 necess\u00e1rio apresentar documento de identifica\u00e7\u00e3o pessoal.<\/p>\n<p>No caso da dan\u00e7a, os aul\u00f5es ser\u00e3o realizados nos dias 9 e 11 de janeiro, com quatro turmas, em hor\u00e1rios variados e 20 vagas cada. O articulador cultural respons\u00e1vel \u00e9 Gustavo Diniz.\u00a0J\u00e1 as aulas de Gin\u00e1stica acontecer\u00e3o de 15 a 18 de janeiro, sob supervis\u00e3o da articuladora Janine Cristine da Silva Henrique. Ser\u00e3o cinco op\u00e7\u00f5es de turmas, tamb\u00e9m com 20 vagas cada. Para os participantes, a orienta\u00e7\u00e3o \u00e9 usar roupas leves e confort\u00e1veis, al\u00e9m de \u00e1gua para garantir a hidrata\u00e7\u00e3o.<\/p>\n<p>A Pra\u00e7a CEU, que completar\u00e1 nove anos em mar\u00e7o, \u00e9 gerida pela Funda\u00e7\u00e3o Cultural Alfredo Ferreira Lage (Funalfa), com presta\u00e7\u00e3o de servi\u00e7os da Associa\u00e7\u00e3o Cultural Arte e Vida (Acav).<\/p>\n<p><strong>Programa\u00e7\u00e3o<\/strong><\/p>\n<p><strong>Dan\u00e7a de F\u00e9rias &#8211; 9 e 11 de janeiro<\/strong><\/p>\n<p>Aul\u00e3o de Dan\u00e7a para jovens e adultos | 20 vagas em cada turma<\/p>\n<p>1\u00aa Turma: ter\u00e7a-feira, 9h<\/p>\n<p>2\u00aa Turma: ter\u00e7a-feira, 15h30<\/p>\n<p>3\u00aa Turma: quinta-feira, 9h<\/p>\n<p>4\u00aa Turma: quinta-feira, 15h30<\/p>\n<p><strong>Gin\u00e1stica nas F\u00e9rias &#8211; 15 a 18 de janeiro<\/strong><\/p>\n<p>A partir dos 6 anos | 20 vagas em cada turma<\/p>\n<p>1\u00aa turma: segunda e quarta-feira, \u00e0s 17h<\/p>\n<p>2\u00aa turma: segunda e quarta-feira, \u00e0s 18h30<\/p>\n<p>3\u00aa turma: ter\u00e7a e quinta-feira, \u00e0s 17h<\/p>\n<p>4\u00aa turma: ter\u00e7a e quinta-feira, \u00e0s 18h30<\/p>\n<p>5\u00aa turma: ter\u00e7a e quinta-feira, \u00e0s 20h<\/p>\n<p><strong>Foto:<\/strong>\u00a0Arquivo\/Funalfa<\/p>\n","protected":false},"excerpt":{"rendered":"<p>Segundo informa\u00e7\u00f5es do sie da Prefeitura de Juiz de Fora (PJF), as f\u00e9rias de ver\u00e3o ganharam uma programa\u00e7\u00e3o especial na Pra\u00e7a CEU (Centro de Artes e Esportes Unificados Coronel Adelmir Romualdo de Oliveira), mantida pela Prefeitura de Juiz de Fora (PJF). Al\u00e9m da Col\u00f4nia de F\u00e9rias, que acontece de 16 a 19 de janeiro, o [&hellip;]<\/p>\n","protected":false},"author":246,"featured_media":220349,"comment_status":"closed","ping_status":"closed","sticky":false,"template":"","format":"standard","meta":{"footnotes":""},"categories":[253,436,440,439],"tags":[],"class_list":["post-220348","post","type-post","status-publish","format-standard","has-post-thumbnail","hentry","category-cidade","category-destaque-da-semana","category-destaques-do-dia","category-ultima-hora"],"_links":{"self":[{"href":"https:\/\/diarioregionaldigital.com.br\/index.php?rest_route=\/wp\/v2\/posts\/220348","targetHints":{"allow":["GET"]}}],"collection":[{"href":"https:\/\/diarioregionaldigital.com.br\/index.php?rest_route=\/wp\/v2\/posts"}],"about":[{"href":"https:\/\/diarioregionaldigital.com.br\/index.php?rest_route=\/wp\/v2\/types\/post"}],"author":[{"embeddable":true,"href":"https:\/\/diarioregionaldigital.com.br\/index.php?rest_route=\/wp\/v2\/users\/246"}],"replies":[{"embeddable":true,"href":"https:\/\/diarioregionaldigital.com.br\/index.php?rest_route=%2Fwp%2Fv2%2Fcomments&post=220348"}],"version-history":[{"count":1,"href":"https:\/\/diarioregionaldigital.com.br\/index.php?rest_route=\/wp\/v2\/posts\/220348\/revisions"}],"predecessor-version":[{"id":220350,"href":"https:\/\/diarioregionaldigital.com.br\/index.php?rest_route=\/wp\/v2\/posts\/220348\/revisions\/220350"}],"wp:featuredmedia":[{"embeddable":true,"href":"https:\/\/diarioregionaldigital.com.br\/index.php?rest_route=\/wp\/v2\/media\/220349"}],"wp:attachment":[{"href":"https:\/\/diarioregionaldigital.com.br\/index.php?rest_route=%2Fwp%2Fv2%2Fmedia&parent=220348"}],"wp:term":[{"taxonomy":"category","embeddable":true,"href":"https:\/\/diarioregionaldigital.com.br\/index.php?rest_route=%2Fwp%2Fv2%2Fcategories&post=220348"},{"taxonomy":"post_tag","embeddable":true,"href":"https:\/\/diarioregionaldigital.com.br\/index.php?rest_route=%2Fwp%2Fv2%2Ftags&post=220348"}],"curies":[{"name":"wp","href":"https:\/\/api.w.org\/{rel}","templated":true}]}}