{"id":220339,"date":"2024-01-05T17:06:03","date_gmt":"2024-01-05T20:06:03","guid":{"rendered":"https:\/\/diarioregionaldigital.com.br\/?p=220339"},"modified":"2024-01-05T17:06:03","modified_gmt":"2024-01-05T20:06:03","slug":"camara-de-sp-quer-cpi-para-apurar-atuacao-de-julio-lancelloti","status":"publish","type":"post","link":"https:\/\/diarioregionaldigital.com.br\/?p=220339","title":{"rendered":"C\u00e2mara de SP quer CPI para apurar atua\u00e7\u00e3o de Julio Lancelloti"},"content":{"rendered":"<p>Acabado o recesso parlamentar no final de janeiro, a C\u00e2mara Municipal de S\u00e3o Paulo dever\u00e1 abrir uma comiss\u00e3o parlamentar de inqu\u00e9rito (CPI) para investigar organiza\u00e7\u00f5es n\u00e3o governamentais (ONGs) que atuam na regi\u00e3o da Cracol\u00e2ndia, nome popular que era dado a uma regi\u00e3o no centro da capital paulista ocupada por usu\u00e1rios e dependentes de drogas. Atualmente, eles\u00a0se encontram dispersos pelas ruas da regi\u00e3o central de S\u00e3o Paulo.<img decoding=\"async\" src=\"https:\/\/agenciabrasil.ebc.com.br\/ebc.png?id=1575121&amp;o=node\" \/><img decoding=\"async\" src=\"https:\/\/agenciabrasil.ebc.com.br\/ebc.gif?id=1575121&amp;o=node\" \/><\/p>\n<p>O requerimento para a cria\u00e7\u00e3o da CPI \u201ccom a finalidade de investigar as Organiza\u00e7\u00f5es N\u00e3o Governamentais que fornecem alimentos, utens\u00edlios para uso de subst\u00e2ncias il\u00edcitas e tratamento aos grupos de usu\u00e1rios que frequentam a regi\u00e3o da Cracol\u00e2ndia\u201d, como \u00e9 descrito no documento, j\u00e1 colheu as assinaturas necess\u00e1rias e foi protocolado na C\u00e2mara no dia 6 de dezembro do ano passado. No entanto, isso n\u00e3o significa que a comiss\u00e3o ser\u00e1 imediatamente instalada: h\u00e1 uma fila de proposi\u00e7\u00f5es de outras CPIs na C\u00e2mara e o requerimento ainda precisaria ser aprovado em plen\u00e1rio.<\/p>\n<p>O autor da proposta \u00e9 o vereador Rubinho Nunes (Uni\u00e3o Brasil), um dos cofundadores do Movimento Brasil Livre (MBL). Ele colocou como foco principal da CPI a atua\u00e7\u00e3o do padre Julio Lancellotti, que desenvolve h\u00e1 muitos anos um importante e reconhecido trabalho de cuidado com pessoas em situa\u00e7\u00e3o de rua na cidade de S\u00e3o Paulo. Tamb\u00e9m ser\u00e1 alvo dessa CPI o movimento A Craco Resiste.<\/p>\n<p>Em suas redes sociais, o vereador Rubinho Nunes escreveu que o padre Julio Lancellotti e \u201cmuitos outros lucram politicamente com o caos instaurado na Cracol\u00e2ndia\u201d. \u201cA CPI que estou instaurando na C\u00e2mara Municipal de S\u00e3o Paulo vai investigar toda essa m\u00e1fia da mis\u00e9ria que se perpetua no poder atrav\u00e9s de ONGs esquerdistas.\u201d<\/p>\n<p>Representando a oposi\u00e7\u00e3o, o l\u00edder do PT na C\u00e2mara, vereador Senival Moura, contestou a cria\u00e7\u00e3o da CPI. \u201cComo l\u00edder da bancada de vereadores do PT na C\u00e2mara de S\u00e3o Paulo, expresso minha profunda indigna\u00e7\u00e3o com a aprova\u00e7\u00e3o da cria\u00e7\u00e3o da CPI das ONGs, que tem o Padre Julio Lancellotti como alvo. Essa medida parece mais uma tentativa de cercear vozes cr\u00edticas do que uma busca leg\u00edtima por transpar\u00eancia. \u00c9 um claro desrespeito ao trabalho social e humanit\u00e1rio desenvolvido pelo Padre J\u00falio, que tem sido uma voz incans\u00e1vel na defesa dos mais vulner\u00e1veis. Vamos resistir contra essa instrumentaliza\u00e7\u00e3o pol\u00edtica e lutar pela preserva\u00e7\u00e3o dos valores democr\u00e1ticos e sociais\u201d, escreveu em suas redes sociais.<\/p>\n<p>A vereadora do PT\u00a0Luna Zarattini\u00a0informou ter protocolado nesta quarta-feira (3) uma den\u00fancia contra o vereador Rubinho Nunes na Corregedoria da C\u00e2mara. \u201cAcabamos de protocolar uma representa\u00e7\u00e3o na Corregedoria da C\u00e2mara contra o vereador bolsonarista que tenta perseguir e atacar o padre Julio\u201d, disse ela, em v\u00eddeo publicado no Instagram.<\/p>\n<p>Por meio de nota, o padre Julio Lancellotti escreveu que as CPIs s\u00e3o leg\u00edtimas, mas informou que n\u00e3o pertence \u201ca nenhuma organiza\u00e7\u00e3o da sociedade civil ou organiza\u00e7\u00e3o n\u00e3o governamental que utilize conv\u00eanio com o Poder P\u00fablico Municipal\u201d. \u201cA atividade da Pastoral de Rua \u00e9 uma a\u00e7\u00e3o pastoral da Arquidiocese de S\u00e3o Paulo que, por sua vez, n\u00e3o se encontra vinculada, de nenhuma forma, \u00e0s atividades que constituem o requerimento aprovado para cria\u00e7\u00e3o da CPI em quest\u00e3o.\u201d<\/p>\n<p>A Craco Resiste, por sua vez, informou que n\u00e3o \u00e9 uma ONG. \u201cSomos um projeto de milit\u00e2ncia para resistir contra a opress\u00e3o junto com as pessoas desprotegidas socialmente da regi\u00e3o da Cracol\u00e2ndia. Atuamos na frente da redu\u00e7\u00e3o de danos, com os v\u00ednculos criados com as atividades culturais e de lazer. E denunciamos a pol\u00edtica de trucul\u00eancia e inseguran\u00e7a promovida pela prefeitura e pelo governo do estado\u201d, disse, em nota.<\/p>\n<p>\u201cQuem tenta lucrar com a mis\u00e9ria s\u00e3o esses homens brancos cheios de frases de efeito vazias que tentam usar a Cracol\u00e2ndia como vitrine para seus projetos pessoais. N\u00e3o \u00e9 o primeiro e sabemos que n\u00e3o ser\u00e1 o \u00faltimo ataque desonesto contra A Craco Resiste\u201d, escreveu o movimento.<\/p>\n<p>Fonte: Ag\u00eancia Brasil<\/p>\n","protected":false},"excerpt":{"rendered":"<p>Acabado o recesso parlamentar no final de janeiro, a C\u00e2mara Municipal de S\u00e3o Paulo dever\u00e1 abrir uma comiss\u00e3o parlamentar de inqu\u00e9rito (CPI) para investigar organiza\u00e7\u00f5es n\u00e3o governamentais (ONGs) que atuam na regi\u00e3o da Cracol\u00e2ndia, nome popular que era dado a uma regi\u00e3o no centro da capital paulista ocupada por usu\u00e1rios e dependentes de drogas. Atualmente, [&hellip;]<\/p>\n","protected":false},"author":246,"featured_media":220340,"comment_status":"closed","ping_status":"closed","sticky":false,"template":"","format":"standard","meta":{"footnotes":""},"categories":[436,254,439],"tags":[],"class_list":["post-220339","post","type-post","status-publish","format-standard","has-post-thumbnail","hentry","category-destaque-da-semana","category-politica","category-ultima-hora"],"_links":{"self":[{"href":"https:\/\/diarioregionaldigital.com.br\/index.php?rest_route=\/wp\/v2\/posts\/220339","targetHints":{"allow":["GET"]}}],"collection":[{"href":"https:\/\/diarioregionaldigital.com.br\/index.php?rest_route=\/wp\/v2\/posts"}],"about":[{"href":"https:\/\/diarioregionaldigital.com.br\/index.php?rest_route=\/wp\/v2\/types\/post"}],"author":[{"embeddable":true,"href":"https:\/\/diarioregionaldigital.com.br\/index.php?rest_route=\/wp\/v2\/users\/246"}],"replies":[{"embeddable":true,"href":"https:\/\/diarioregionaldigital.com.br\/index.php?rest_route=%2Fwp%2Fv2%2Fcomments&post=220339"}],"version-history":[{"count":1,"href":"https:\/\/diarioregionaldigital.com.br\/index.php?rest_route=\/wp\/v2\/posts\/220339\/revisions"}],"predecessor-version":[{"id":220341,"href":"https:\/\/diarioregionaldigital.com.br\/index.php?rest_route=\/wp\/v2\/posts\/220339\/revisions\/220341"}],"wp:featuredmedia":[{"embeddable":true,"href":"https:\/\/diarioregionaldigital.com.br\/index.php?rest_route=\/wp\/v2\/media\/220340"}],"wp:attachment":[{"href":"https:\/\/diarioregionaldigital.com.br\/index.php?rest_route=%2Fwp%2Fv2%2Fmedia&parent=220339"}],"wp:term":[{"taxonomy":"category","embeddable":true,"href":"https:\/\/diarioregionaldigital.com.br\/index.php?rest_route=%2Fwp%2Fv2%2Fcategories&post=220339"},{"taxonomy":"post_tag","embeddable":true,"href":"https:\/\/diarioregionaldigital.com.br\/index.php?rest_route=%2Fwp%2Fv2%2Ftags&post=220339"}],"curies":[{"name":"wp","href":"https:\/\/api.w.org\/{rel}","templated":true}]}}