{"id":220333,"date":"2024-01-05T17:02:44","date_gmt":"2024-01-05T20:02:44","guid":{"rendered":"https:\/\/diarioregionaldigital.com.br\/?p=220333"},"modified":"2024-01-05T17:02:44","modified_gmt":"2024-01-05T20:02:44","slug":"uniao-cede-area-em-brasilia-para-construcao-do-museu-da-democracia","status":"publish","type":"post","link":"https:\/\/diarioregionaldigital.com.br\/?p=220333","title":{"rendered":"Uni\u00e3o cede \u00e1rea em Bras\u00edlia para constru\u00e7\u00e3o do Museu da Democracia"},"content":{"rendered":"<p>O governo federal cedeu \u00e1rea na Esplanada dos Minist\u00e9rios, em Bras\u00edlia, para a constru\u00e7\u00e3o do Museu da Democracia. Ser\u00e3o investidos R$ 40 milh\u00f5es no empreendimento, com recursos do Programa de Acelera\u00e7\u00e3o do Crescimento (PAC). \u00a0<img decoding=\"async\" src=\"https:\/\/agenciabrasil.ebc.com.br\/ebc.png?id=1575306&amp;o=node\" \/><img decoding=\"async\" src=\"https:\/\/agenciabrasil.ebc.com.br\/ebc.gif?id=1575306&amp;o=node\" \/><\/p>\n<p>Em comunicado publicado nesta sexta-feira (5), o Minist\u00e9rio da Cultura (MinC) informou que, desde o in\u00edcio de 2023, ap\u00f3s os ataques antidemocr\u00e1ticos de 8 de janeiro, vem trabalhando para viabilizar a constru\u00e7\u00e3o do museu. O local foi definido ap\u00f3s tratativas entre o MinC e a Secretaria de Patrim\u00f4nio da Uni\u00e3o.<\/p>\n<p>O terreno est\u00e1 localizado no setor cultural, lado norte da Esplanada dos Minist\u00e9rios, ao lado do Teatro Nacional Claudio Santoro (foto). A destina\u00e7\u00e3o da \u00e1rea ser\u00e1 formalizada nos pr\u00f3ximos dias. Na sequ\u00eancia, o MinC e o Instituto Brasileiro de Museus (Ibram) devem lan\u00e7ar concurso nacional para escolher o projeto arquitet\u00f4nico do espa\u00e7o. Apenas ap\u00f3s essa etapa ser\u00e1 poss\u00edvel licitar a execu\u00e7\u00e3o da obra, com expectativa para ser iniciada em 2025.<\/p>\n<h2>Institui\u00e7\u00e3o plural<\/h2>\n<p>De acordo com o MinC, o museu ser\u00e1 constru\u00eddo \u201ccom a uni\u00e3o dos setores democr\u00e1ticos do pa\u00eds\u201d e n\u00e3o estar\u00e1 ligado a um setor pol\u00edtico. \u201cO intuito \u00e9 que seja uma institui\u00e7\u00e3o c\u00edvica, plural e constru\u00edda em sintonia com todos aqueles que apoiam a democracia\u201d, diz a nota.<\/p>\n<p>\u201cAl\u00e9m disso, a institucionaliza\u00e7\u00e3o do Museu da Democracia dever\u00e1 ser pautada por um processo participativo de consultas com especialistas, representantes de coletivos e entidades reconhecidamente engajadas em processos culturais e educativos voltados \u00e0 valoriza\u00e7\u00e3o da democracia e dos direitos humanos\u201d, acrescentou o MinC.<\/p>\n<p>Na pr\u00f3xima segunda-feira (8), o Ibram tamb\u00e9m lan\u00e7ar\u00e1 o reposit\u00f3rio do\u00a0<a href=\"https:\/\/democracia.museus.gov.br\/\" target=\"_blank\" rel=\"noopener\">Museu da Democracia<\/a>, um ambiente virtual para sistematizar, organizar e difundir um cat\u00e1logo de mem\u00f3ria e desenvolvimento de cole\u00e7\u00f5es da sociedade civil sobre a democracia contempor\u00e2nea do pa\u00eds.<\/p>\n<p>\u201cAl\u00e9m de abrigar um memorial sobre os ataques antidemocr\u00e1ticos do ano passado, o reposit\u00f3rio servir\u00e1 de base para uma campanha para mobilizar museus e pontos de mem\u00f3ria a refletirem enquanto agentes de um estado democr\u00e1tico e protagonistas de sua pr\u00f3pria hist\u00f3ria, de maneira a enfatizar a import\u00e2ncia da participa\u00e7\u00e3o e do envolvimento social pela constru\u00e7\u00e3o de direitos em n\u00edvel local\u201d, explicou o MinC.<\/p>\n<p>Fonte: Ag\u00eancia Brasil<\/p>\n","protected":false},"excerpt":{"rendered":"<p>O governo federal cedeu \u00e1rea na Esplanada dos Minist\u00e9rios, em Bras\u00edlia, para a constru\u00e7\u00e3o do Museu da Democracia. Ser\u00e3o investidos R$ 40 milh\u00f5es no empreendimento, com recursos do Programa de Acelera\u00e7\u00e3o do Crescimento (PAC). \u00a0 Em comunicado publicado nesta sexta-feira (5), o Minist\u00e9rio da Cultura (MinC) informou que, desde o in\u00edcio de 2023, ap\u00f3s os [&hellip;]<\/p>\n","protected":false},"author":246,"featured_media":220334,"comment_status":"closed","ping_status":"closed","sticky":false,"template":"","format":"standard","meta":{"footnotes":""},"categories":[436,254,439],"tags":[],"class_list":["post-220333","post","type-post","status-publish","format-standard","has-post-thumbnail","hentry","category-destaque-da-semana","category-politica","category-ultima-hora"],"_links":{"self":[{"href":"https:\/\/diarioregionaldigital.com.br\/index.php?rest_route=\/wp\/v2\/posts\/220333","targetHints":{"allow":["GET"]}}],"collection":[{"href":"https:\/\/diarioregionaldigital.com.br\/index.php?rest_route=\/wp\/v2\/posts"}],"about":[{"href":"https:\/\/diarioregionaldigital.com.br\/index.php?rest_route=\/wp\/v2\/types\/post"}],"author":[{"embeddable":true,"href":"https:\/\/diarioregionaldigital.com.br\/index.php?rest_route=\/wp\/v2\/users\/246"}],"replies":[{"embeddable":true,"href":"https:\/\/diarioregionaldigital.com.br\/index.php?rest_route=%2Fwp%2Fv2%2Fcomments&post=220333"}],"version-history":[{"count":1,"href":"https:\/\/diarioregionaldigital.com.br\/index.php?rest_route=\/wp\/v2\/posts\/220333\/revisions"}],"predecessor-version":[{"id":220335,"href":"https:\/\/diarioregionaldigital.com.br\/index.php?rest_route=\/wp\/v2\/posts\/220333\/revisions\/220335"}],"wp:featuredmedia":[{"embeddable":true,"href":"https:\/\/diarioregionaldigital.com.br\/index.php?rest_route=\/wp\/v2\/media\/220334"}],"wp:attachment":[{"href":"https:\/\/diarioregionaldigital.com.br\/index.php?rest_route=%2Fwp%2Fv2%2Fmedia&parent=220333"}],"wp:term":[{"taxonomy":"category","embeddable":true,"href":"https:\/\/diarioregionaldigital.com.br\/index.php?rest_route=%2Fwp%2Fv2%2Fcategories&post=220333"},{"taxonomy":"post_tag","embeddable":true,"href":"https:\/\/diarioregionaldigital.com.br\/index.php?rest_route=%2Fwp%2Fv2%2Ftags&post=220333"}],"curies":[{"name":"wp","href":"https:\/\/api.w.org\/{rel}","templated":true}]}}