{"id":220312,"date":"2023-12-31T06:00:16","date_gmt":"2023-12-31T09:00:16","guid":{"rendered":"https:\/\/diarioregionaldigital.com.br\/?p=220312"},"modified":"2023-12-30T05:07:13","modified_gmt":"2023-12-30T08:07:13","slug":"o-que-nos-faz-humanos","status":"publish","type":"post","link":"https:\/\/diarioregionaldigital.com.br\/?p=220312","title":{"rendered":"O que nos faz humanos"},"content":{"rendered":"<p>De forma brilhante, como \u00e9 sua caracter\u00edstica, o cirurgi\u00e3o Paulo Niemeyer falou \u00e0 Academia Brasileira de Letras sobre o que nos faz humanos. Agora, com a introdu\u00e7\u00e3o dos estudos sobre a intelig\u00eancia artificial. \u201cNum mundo dominado por rob\u00f4s, androides humanos, tudo isso misturado entre n\u00f3s, o que nos deve tornar aptos a responder a quest\u00f5es como voc\u00ea \u00e9 humano ou um rob\u00f4?\u201d<\/p>\n<p>Cop\u00e9rnico trouxe a nossa primeira grande frustra\u00e7\u00e3o ao mostrar, com a sua teoria helic\u00eantrica, que n\u00e3o \u00e9ramos o centro do Universo. Depois tivemos Darwin, com a sua teoria evolucionista. J\u00e1 Freud identificou o inconsciente e agora iniciamos o s\u00e9culo XXI sob amea\u00e7a da intelig\u00eancia artificial, milh\u00f5es de vezes mais r\u00e1pida em seus c\u00e1lculos e pesquisas. Com certeza ela caminha para ser criativa.<\/p>\n<p>A evolu\u00e7\u00e3o filogen\u00e9tica mostra que o desenvolvimento dos lobos frontais do c\u00e9rebro, acompanhado de uma nova e extensa camada de neur\u00f4nios, chamada neoc\u00f3rtex, foi determinante no aparecimento do \u201chomo sapiens.\u201d A afirma\u00e7\u00e3o do acad\u00eamico Paulo Niemeyer \u00e9 impressionante: \u201cPossu\u00edmos 100 bilh\u00f5es de neur\u00f4nios, cada um com 1.000 conex\u00f5es em m\u00e9dia, perfazendo cerca de 100 trilh\u00f5es de sinapses. Estamos diante de uma aut\u00eantica revolu\u00e7\u00e3o cognitiva.\u201d<\/p>\n<p>Para chegar ao Inconsciente de Freud, com todos os seus sonhos, a contribui\u00e7\u00e3o de Lacan: \u201cO homem n\u00e3o pensa com a sua alma, ele pensa com uma estrutura, a da linguagem.\u201d Mas o certo \u00e9 que os rob\u00f4s tamb\u00e9m podem simular todas essas emo\u00e7\u00f5es. E assim se poder\u00e1 atender \u00e0 demanda de novas habilidades, como aprendizagem de uma profiss\u00e3o, uma l\u00edngua ou um esporte.<\/p>\n<p>Niemeyer cita Shakespeare e chega \u00e0 intelig\u00eancia artificial, para concluir que hoje se pode perceber toda esp\u00e9cie de transforma\u00e7\u00e3o. Chegamos ao momento da \u201csingularidade tecnol\u00f3gica\u201d, quando \u00e9 poss\u00edvel que o homem seja superado pela m\u00e1quina. Ser\u00e1 criada uma superintelig\u00eancia e estaremos vivendo o prodigioso per\u00edodo do p\u00f3s-humanismo. Mas Niemeyer afirma que n\u00e3o devemos temer pelo futuro. No filme \u201cGattaca\u201d, do diretor neozeland\u00eas Andrew Nicco, desenha-se uma sociedade do futuro, obcecada pela perfei\u00e7\u00e3o gen\u00e9tica. O indiv\u00edduo clonado pode ser t\u00e3o humano quanto sua matriz, sabendo-se que a\u00a0 gen\u00e9tica \u00e9 o carro-chefe da medicina moderna. Partimos da realidade de que somos todos membros de uma s\u00f3 fam\u00edlia, de origem africana. Da\u00ed a necessidade de valorizar a \u00c9tica da Convic\u00e7\u00e3o\u00a0 e a \u00c9tica da Responsabilidade. Para uma vida mais feliz, ao lado de realidades como o Antropoceno e o Transumanismo. Chips biol\u00f3gicos poder\u00e3o ser respons\u00e1veis por essa nova e atraente realidade.<\/p>\n","protected":false},"excerpt":{"rendered":"<p>De forma brilhante, como \u00e9 sua caracter\u00edstica, o cirurgi\u00e3o Paulo Niemeyer falou \u00e0 Academia Brasileira de Letras sobre o que nos faz humanos. Agora, com a introdu\u00e7\u00e3o dos estudos sobre a intelig\u00eancia artificial. \u201cNum mundo dominado por rob\u00f4s, androides humanos, tudo isso misturado entre n\u00f3s, o que nos deve tornar aptos a responder a quest\u00f5es [&hellip;]<\/p>\n","protected":false},"author":96,"featured_media":0,"comment_status":"closed","ping_status":"closed","sticky":false,"template":"","format":"standard","meta":{"footnotes":""},"categories":[275],"tags":[],"class_list":["post-220312","post","type-post","status-publish","format-standard","hentry","category-arnaldo-niskier"],"_links":{"self":[{"href":"https:\/\/diarioregionaldigital.com.br\/index.php?rest_route=\/wp\/v2\/posts\/220312","targetHints":{"allow":["GET"]}}],"collection":[{"href":"https:\/\/diarioregionaldigital.com.br\/index.php?rest_route=\/wp\/v2\/posts"}],"about":[{"href":"https:\/\/diarioregionaldigital.com.br\/index.php?rest_route=\/wp\/v2\/types\/post"}],"author":[{"embeddable":true,"href":"https:\/\/diarioregionaldigital.com.br\/index.php?rest_route=\/wp\/v2\/users\/96"}],"replies":[{"embeddable":true,"href":"https:\/\/diarioregionaldigital.com.br\/index.php?rest_route=%2Fwp%2Fv2%2Fcomments&post=220312"}],"version-history":[{"count":1,"href":"https:\/\/diarioregionaldigital.com.br\/index.php?rest_route=\/wp\/v2\/posts\/220312\/revisions"}],"predecessor-version":[{"id":220313,"href":"https:\/\/diarioregionaldigital.com.br\/index.php?rest_route=\/wp\/v2\/posts\/220312\/revisions\/220313"}],"wp:attachment":[{"href":"https:\/\/diarioregionaldigital.com.br\/index.php?rest_route=%2Fwp%2Fv2%2Fmedia&parent=220312"}],"wp:term":[{"taxonomy":"category","embeddable":true,"href":"https:\/\/diarioregionaldigital.com.br\/index.php?rest_route=%2Fwp%2Fv2%2Fcategories&post=220312"},{"taxonomy":"post_tag","embeddable":true,"href":"https:\/\/diarioregionaldigital.com.br\/index.php?rest_route=%2Fwp%2Fv2%2Ftags&post=220312"}],"curies":[{"name":"wp","href":"https:\/\/api.w.org\/{rel}","templated":true}]}}