{"id":220304,"date":"2023-12-29T21:44:57","date_gmt":"2023-12-30T00:44:57","guid":{"rendered":"https:\/\/diarioregionaldigital.com.br\/?p=220304"},"modified":"2023-12-29T21:44:57","modified_gmt":"2023-12-30T00:44:57","slug":"pjf-avanca-nas-politicas-publicas-de-seguranca-alimentar-e-fomento-a-agricultura-familiar-em-toda-a-cadeia-produtiva-no-ano-de-2023","status":"publish","type":"post","link":"https:\/\/diarioregionaldigital.com.br\/?p=220304","title":{"rendered":"PJF avan\u00e7a nas pol\u00edticas p\u00fablicas de seguran\u00e7a alimentar e fomento \u00e0 agricultura familiar em toda a cadeia produtiva no ano de 2023"},"content":{"rendered":"<p>Segundo informa\u00e7\u00f5es do site da Prefeitura de Juiz de Fora (PJF), a PJF avan\u00e7a nas a\u00e7\u00f5es de seguran\u00e7a alimentar e nutricional no ano de 2023. Por meio da Secretaria de Agricultura, Pecu\u00e1ria e Abastecimento (Seapa), o executivo municipal universalizou o Caf\u00e9 da Manh\u00e3 nas escolas municipais, ofertou alimenta\u00e7\u00e3o aos estudantes e crian\u00e7as das creches parceiras no recesso e f\u00e9rias escolares. E mais, garantiu alimenta\u00e7\u00e3o fresca e de qualidade \u00e0s pessoas atendidas pela Assist\u00eancia Social por meio da abertura do Restaurante Popular aos finais de semana e feriados.<\/p>\n<p>Al\u00e9m disso, avan\u00e7ou nas a\u00e7\u00f5es de apoio ao desenvolvimento dos produtores de Juiz de Fora, contemplando toda a cadeia produtiva, da produ\u00e7\u00e3o, processamento e comercializa\u00e7\u00e3o dos produtos, levando comida saud\u00e1vel para o prato de quem tem fome e mais, impactando tamb\u00e9m na economia local.<\/p>\n<p>Combate \u00e0 Fome<\/p>\n<p>A\u00e7\u00f5es de combate \u00e0 fome s\u00e3o intensificadas no munic\u00edpio de Juiz de Fora para que a popula\u00e7\u00e3o tenha cada vez mais acesso \u00e0 comida de qualidade. Cumprindo o compromisso com o fortalecimento da agricultura familiar, a PJF realiza a aquisi\u00e7\u00e3o de alimentos do grupo por meio de programas como \u00e9 o caso do Comida Boa. Em 2023, a Prefeitura lan\u00e7ou o edital para a compra de itens que ir\u00e3o compor o card\u00e1pio di\u00e1rio do Restaurante Popular. O equipamento, que visa prover seguran\u00e7a alimentar para a popula\u00e7\u00e3o, atualmente serve mais de mil refei\u00e7\u00f5es de segunda a sexta-feira, e cerca de 400 durante finais de semana e feriados. A previs\u00e3o \u00e9 comprar 27 toneladas de alimentos direto das cooperativas da agricultura familiar, durante o per\u00edodo de 12 meses.<\/p>\n<p>Do total dos recursos do Programa Nacional de Alimenta\u00e7\u00e3o Escolar (PNAE), a PJF garantiu no ano de 2023, mais de 60% para a compra de alimentos da agricultura familiar para as escolas municipais e creches conveniadas, dobrando a meta exigida pela Lei n\u00ba 11.947, que \u00e9 30% do total dos recursos. De junho a dezembro deste ano, as cooperativas de agricultores familiares entregaram verduras, legumes, frutas, biscoito, feij\u00e3o preto e vermelho, canjiquinha, leite em p\u00f3, arroz, manteiga, para as escolas e creches, tudo fresquinho, direto das m\u00e3os dos produtores para o prato dos estudantes. Esta a\u00e7\u00e3o foi enaltecida pelo Centro Colaborador de Alimenta\u00e7\u00e3o e Nutri\u00e7\u00e3o Escolar da Universidade Federal de Vi\u00e7osa (Cecane\/UFV), vinculado ao Fundo Nacional de Educa\u00e7\u00e3o, que visitou as escolas em agosto deste ano.<\/p>\n<p>A PJF assegura alimenta\u00e7\u00e3o adequada e nutricionalmente balanceada durante todo o ano. No recesso escolar de janeiro, ofertou almo\u00e7o na rede municipal e nas f\u00e9rias de julho, mais de 32 mil estudantes e crian\u00e7as cadastrados receberam Kits de Alimenta\u00e7\u00e3o Escolar.<\/p>\n<p>At\u00e9 dezembro de 2023, foram 1.194 toneladas de alimentos fornecidos para o preparo das refei\u00e7\u00f5es nas escolas, sendo 322 toneladas de alimentos oriundos diretamente da agricultura familiar. Foram mais de 227 toneladas de alimentos para as institui\u00e7\u00f5es socioassistenciais do munic\u00edpio, como Casas de Acolhimento 24 horas, Servi\u00e7os de Conviv\u00eancia e Fortalecimento de V\u00ednculo, Casas de Passagem, Cras e Creas. Para os Conselhos tutelares e Curso Popular para Concursos, foram entregues em torno de 1,4 toneladas de alimentos para atendimento do p\u00fablico nos locais.<\/p>\n<p>Apoio \u00e0 produ\u00e7\u00e3o de alimentos<\/p>\n<p>Para al\u00e9m das a\u00e7\u00f5es de acesso \u00e0 alimenta\u00e7\u00e3o, a PJF se preocupa com o Sistema Agroalimentar por completo, desde a produ\u00e7\u00e3o do alimento at\u00e9 a gera\u00e7\u00e3o de emprego e renda. 2023 iniciou com a entrega de 360 quilos de sementes de feij\u00e3o vermelho e 420 quilos de sementes de milho, tudo org\u00e2nico, para agricultores de Juiz de Fora.<\/p>\n<p>Neste ano, os produtores do munic\u00edpio foram atendidos em diversos servi\u00e7os executados pela Seapa, entre eles, servi\u00e7os do Programa Municipal de Mecaniza\u00e7\u00e3o Agr\u00edcola e Apoio \u00e0 Log\u00edstica e Infraestrutura nas Propriedades Rurais &#8211; Porteira pra Dentro, Assist\u00eancia T\u00e9cnica e Veterin\u00e1ria, al\u00e9m de dias de campos e capacita\u00e7\u00f5es.<\/p>\n<p>Foram 129 atendimentos de Mecaniza\u00e7\u00e3o Agr\u00edcola e Infraestrutura nas propriedades rurais, em diversas localidades, totalizando mais de 1.176 horas de servi\u00e7os prestados, mais do que o dobro de atendimento comparado com o ano passado. Neste ano, o Programa Municipal de Apoio e Assist\u00eancia T\u00e9cnica \u00e0 Pecu\u00e1ria Leiteira (Pr\u00f3Leite), realizou mais de 380 visitas de assist\u00eancia t\u00e9cnica para produtores de leite da cidade.<\/p>\n<p>Por meio da Empresa de Assist\u00eancia T\u00e9cnica e Extens\u00e3o Rural de Minas Gerais (Emater-MG), que atua junto com a PJF, foram mais de 380 atendimentos, incluindo produ\u00e7\u00e3o de hortali\u00e7as e frutas, bovinocultura, cria\u00e7\u00f5es, orienta\u00e7\u00f5es sobre comercializa\u00e7\u00e3o, gest\u00e3o e compras institucionais, seguran\u00e7a h\u00eddrica e sustentabilidade ambiental.<\/p>\n<p>Outro destaque foi o reconhecimento, pelo governo do Estado, do Arranjo Produtivo Local (APL) do Queijo Minas do Caminho Novo. \u00c9 o primeiro APL de queijo a receber certifica\u00e7\u00e3o no estado de Minas Gerais.<\/p>\n<p>Desde a produ\u00e7\u00e3o do alimento at\u00e9 a gera\u00e7\u00e3o de emprego e renda<\/p>\n<p>A PJF iniciou 2023 com o edital das feiras livres aberto: o primeiro processo p\u00fablico para regulamentar o setor O procedimento oportuniza seguran\u00e7a para os feirantes e agricultores a comercializarem seus produtos. Al\u00e9m das 22 feiras livres diurnas e uma feira noturna na Pra\u00e7a Ant\u00f4nio Carlos, o executivo iniciou em setembro a Feira Noturna da Pra\u00e7a da Esta\u00e7\u00e3o que est\u00e1 em per\u00edodo de experi\u00eancia.<\/p>\n<p>Neste ano o Mercado Municipal recebeu o in\u00edcio das obras de revitaliza\u00e7\u00e3o. O espa\u00e7o de comercializa\u00e7\u00e3o e valoriza\u00e7\u00e3o da produ\u00e7\u00e3o local. A reforma ir\u00e1 modernizar o Mercado e ampliar\u00e1 a quantidade dos servi\u00e7os oferecidos, estimulando a agricultura, artesanato, turismo e a cultura da cidade.<\/p>\n<p>Em 2023, a Seapa completou 30 anos de exist\u00eancia. Ao longo dessas tr\u00eas d\u00e9cadas a pasta passou por diversas mudan\u00e7as, foi ganhando mais atribui\u00e7\u00f5es, mais for\u00e7a com conjunto de pol\u00edticas abarcando todo o sistema agroalimentar. Atualmente a pasta segue com o objetivo de impulsionar a produ\u00e7\u00e3o de alimentos e os mecanismos de escoar a produ\u00e7\u00e3o, e garantir a seguran\u00e7a alimentar e nutricional \u00e0 toda a popula\u00e7\u00e3o.<\/p>\n<p>Mais a\u00e7\u00f5es e outros detalhes podem ser acessados na p\u00e1gina<\/p>\n<p>&nbsp;<\/p>\n<p>&nbsp;<\/p>\n<p>&nbsp;<\/p>\n","protected":false},"excerpt":{"rendered":"<p>Segundo informa\u00e7\u00f5es do site da Prefeitura de Juiz de Fora (PJF), a PJF avan\u00e7a nas a\u00e7\u00f5es de seguran\u00e7a alimentar e nutricional no ano de 2023. Por meio da Secretaria de Agricultura, Pecu\u00e1ria e Abastecimento (Seapa), o executivo municipal universalizou o Caf\u00e9 da Manh\u00e3 nas escolas municipais, ofertou alimenta\u00e7\u00e3o aos estudantes e crian\u00e7as das creches parceiras [&hellip;]<\/p>\n","protected":false},"author":246,"featured_media":220305,"comment_status":"closed","ping_status":"closed","sticky":false,"template":"","format":"standard","meta":{"footnotes":""},"categories":[253,436,439],"tags":[],"class_list":["post-220304","post","type-post","status-publish","format-standard","has-post-thumbnail","hentry","category-cidade","category-destaque-da-semana","category-ultima-hora"],"_links":{"self":[{"href":"https:\/\/diarioregionaldigital.com.br\/index.php?rest_route=\/wp\/v2\/posts\/220304","targetHints":{"allow":["GET"]}}],"collection":[{"href":"https:\/\/diarioregionaldigital.com.br\/index.php?rest_route=\/wp\/v2\/posts"}],"about":[{"href":"https:\/\/diarioregionaldigital.com.br\/index.php?rest_route=\/wp\/v2\/types\/post"}],"author":[{"embeddable":true,"href":"https:\/\/diarioregionaldigital.com.br\/index.php?rest_route=\/wp\/v2\/users\/246"}],"replies":[{"embeddable":true,"href":"https:\/\/diarioregionaldigital.com.br\/index.php?rest_route=%2Fwp%2Fv2%2Fcomments&post=220304"}],"version-history":[{"count":1,"href":"https:\/\/diarioregionaldigital.com.br\/index.php?rest_route=\/wp\/v2\/posts\/220304\/revisions"}],"predecessor-version":[{"id":220306,"href":"https:\/\/diarioregionaldigital.com.br\/index.php?rest_route=\/wp\/v2\/posts\/220304\/revisions\/220306"}],"wp:featuredmedia":[{"embeddable":true,"href":"https:\/\/diarioregionaldigital.com.br\/index.php?rest_route=\/wp\/v2\/media\/220305"}],"wp:attachment":[{"href":"https:\/\/diarioregionaldigital.com.br\/index.php?rest_route=%2Fwp%2Fv2%2Fmedia&parent=220304"}],"wp:term":[{"taxonomy":"category","embeddable":true,"href":"https:\/\/diarioregionaldigital.com.br\/index.php?rest_route=%2Fwp%2Fv2%2Fcategories&post=220304"},{"taxonomy":"post_tag","embeddable":true,"href":"https:\/\/diarioregionaldigital.com.br\/index.php?rest_route=%2Fwp%2Fv2%2Ftags&post=220304"}],"curies":[{"name":"wp","href":"https:\/\/api.w.org\/{rel}","templated":true}]}}