{"id":220283,"date":"2023-12-29T21:04:52","date_gmt":"2023-12-30T00:04:52","guid":{"rendered":"https:\/\/diarioregionaldigital.com.br\/?p=220283"},"modified":"2023-12-29T21:04:52","modified_gmt":"2023-12-30T00:04:52","slug":"aneel-mantem-bandeira-verde-nas-contas-de-luz-em-janeiro-de-2024","status":"publish","type":"post","link":"https:\/\/diarioregionaldigital.com.br\/?p=220283","title":{"rendered":"Aneel mant\u00e9m bandeira verde nas contas de luz em janeiro de 2024"},"content":{"rendered":"<p>A Ag\u00eancia Nacional de Energia El\u00e9trica (Aneel) informou nesta sexta-feira (29) que no m\u00eas de janeiro a bandeira tarif\u00e1ria ser\u00e1 verde. Desta forma, os consumidores n\u00e3o ter\u00e3o custo extra\u00a0nas contas de luz.<img decoding=\"async\" src=\"https:\/\/agenciabrasil.ebc.com.br\/ebc.png?id=1574760&amp;o=node\" \/><img decoding=\"async\" src=\"https:\/\/agenciabrasil.ebc.com.br\/ebc.gif?id=1574760&amp;o=node\" \/><\/p>\n<p>De acordo com a ag\u00eancia, a continua\u00e7\u00e3o da bandeira verde no in\u00edcio do pr\u00f3ximo ano \u00e9 porque as condi\u00e7\u00f5es favor\u00e1veis de gera\u00e7\u00e3o de energia permanecem. H\u00e1 21 meses\u00a0o pa\u00eds tem adotado a bandeira verde ap\u00f3s o fim da escassez h\u00eddrica, que durou de setembro de 2021 at\u00e9 meados de abril de 2022<\/p>\n<h2>O que s\u00e3o as bandeiras tarif\u00e1rias<\/h2>\n<p>Criadas em 2015 pela Aneel,\u00a0as bandeiras tarif\u00e1rias\u00a0refletem os custos vari\u00e1veis da gera\u00e7\u00e3o de energia el\u00e9trica. Divididas em n\u00edveis, as bandeiras indicam quanto est\u00e1 custando para o SIN gerar a energia usada nas casas, em estabelecimentos comerciais e nas ind\u00fastrias.<\/p>\n<p>Quando a conta de luz \u00e9 calculada pela bandeira verde, n\u00e3o h\u00e1 nenhum acr\u00e9scimo. Quando s\u00e3o aplicadas as bandeiras vermelha ou amarela, a conta sofre acr\u00e9scimos, que variam de R$ 2,989 (bandeira amarela) a R$ 9,795 (bandeira vermelha patamar 2) a cada 100 quilowatts-hora (kWh) consumidos. Quando a bandeira de escassez h\u00eddrica vigorou, de setembro de 2021 a 15 de abril de 2022, o consumidor pagava R$ 14,20 extras a cada 100 kWh.<\/p>\n<p>O Sistema Interligado Nacional \u00e9 dividido em quatro subsistemas: Sudeste\/Centro-Oeste, Sul, Nordeste e Norte. Praticamente todo o pa\u00eds \u00e9 coberto pelo SIN. A exce\u00e7\u00e3o s\u00e3o algumas partes de estados da Regi\u00e3o Norte e de Mato Grosso, al\u00e9m de todo o estado de Roraima. Atualmente, h\u00e1 212 localidades isoladas do SIN, nas quais o consumo \u00e9 baixo e representa menos de 1% da carga total do pa\u00eds. A demanda por energia nessas regi\u00f5es \u00e9 suprida, principalmente, por t\u00e9rmicas a \u00f3leo diesel.<\/p>\n<p><span style=\"font-weight: 400;\">Fonte: Ag\u00eancia Brasil <\/span><\/p>\n","protected":false},"excerpt":{"rendered":"<p>A Ag\u00eancia Nacional de Energia El\u00e9trica (Aneel) informou nesta sexta-feira (29) que no m\u00eas de janeiro a bandeira tarif\u00e1ria ser\u00e1 verde. Desta forma, os consumidores n\u00e3o ter\u00e3o custo extra\u00a0nas contas de luz. De acordo com a ag\u00eancia, a continua\u00e7\u00e3o da bandeira verde no in\u00edcio do pr\u00f3ximo ano \u00e9 porque as condi\u00e7\u00f5es favor\u00e1veis de gera\u00e7\u00e3o de [&hellip;]<\/p>\n","protected":false},"author":246,"featured_media":220284,"comment_status":"closed","ping_status":"closed","sticky":false,"template":"","format":"standard","meta":{"footnotes":""},"categories":[436,440,261,439],"tags":[],"class_list":["post-220283","post","type-post","status-publish","format-standard","has-post-thumbnail","hentry","category-destaque-da-semana","category-destaques-do-dia","category-economia","category-ultima-hora"],"_links":{"self":[{"href":"https:\/\/diarioregionaldigital.com.br\/index.php?rest_route=\/wp\/v2\/posts\/220283","targetHints":{"allow":["GET"]}}],"collection":[{"href":"https:\/\/diarioregionaldigital.com.br\/index.php?rest_route=\/wp\/v2\/posts"}],"about":[{"href":"https:\/\/diarioregionaldigital.com.br\/index.php?rest_route=\/wp\/v2\/types\/post"}],"author":[{"embeddable":true,"href":"https:\/\/diarioregionaldigital.com.br\/index.php?rest_route=\/wp\/v2\/users\/246"}],"replies":[{"embeddable":true,"href":"https:\/\/diarioregionaldigital.com.br\/index.php?rest_route=%2Fwp%2Fv2%2Fcomments&post=220283"}],"version-history":[{"count":1,"href":"https:\/\/diarioregionaldigital.com.br\/index.php?rest_route=\/wp\/v2\/posts\/220283\/revisions"}],"predecessor-version":[{"id":220285,"href":"https:\/\/diarioregionaldigital.com.br\/index.php?rest_route=\/wp\/v2\/posts\/220283\/revisions\/220285"}],"wp:featuredmedia":[{"embeddable":true,"href":"https:\/\/diarioregionaldigital.com.br\/index.php?rest_route=\/wp\/v2\/media\/220284"}],"wp:attachment":[{"href":"https:\/\/diarioregionaldigital.com.br\/index.php?rest_route=%2Fwp%2Fv2%2Fmedia&parent=220283"}],"wp:term":[{"taxonomy":"category","embeddable":true,"href":"https:\/\/diarioregionaldigital.com.br\/index.php?rest_route=%2Fwp%2Fv2%2Fcategories&post=220283"},{"taxonomy":"post_tag","embeddable":true,"href":"https:\/\/diarioregionaldigital.com.br\/index.php?rest_route=%2Fwp%2Fv2%2Ftags&post=220283"}],"curies":[{"name":"wp","href":"https:\/\/api.w.org\/{rel}","templated":true}]}}