{"id":220194,"date":"2023-12-24T06:00:01","date_gmt":"2023-12-24T09:00:01","guid":{"rendered":"https:\/\/diarioregionaldigital.com.br\/?p=220194"},"modified":"2023-12-23T04:52:01","modified_gmt":"2023-12-23T07:52:01","slug":"academia-da-latinidade","status":"publish","type":"post","link":"https:\/\/diarioregionaldigital.com.br\/?p=220194","title":{"rendered":"Academia da latinidade"},"content":{"rendered":"<p>Corria o ano de 1998. Na presid\u00eancia da Academia Brasileira de Letras, ocorreu-me convidar um grupo de imortais franceses para uma visita \u00e0 Casa de Machado de Assis. Lembro bem que o intermedi\u00e1rio dessa visita foi acad\u00eamico franc\u00eas Maurice Druon, Secret\u00e1rio Perp\u00e9tuo da Academia Francesa, e que \u00e9 o famoso autor do livro \u201cO menino do dedo verde\u201d, uma obra-prima da literatura universal.<\/p>\n<p>Em noite festiva, a que compareceu o presidente Fernando Henrique Cardoso, o grupo de escritores \u00a0franceses foi recepcionado no Petit Trianon, que h\u00e1 100 anos foi doado \u00e0 ABL, depois de uma gest\u00e3o que teve \u00e0 frente o imortal Afr\u00e2nio Peixoto. Foi assim imortalizada a liga\u00e7\u00e3o entre a Fran\u00e7a e o Brasil, que sempre tiveram la\u00e7os culturais pr\u00f3ximos. A cess\u00e3o do terreno, no centro da cidade, aconteceu poucos anos depois, numa decis\u00e3o que teve a assinatura do presidente Get\u00falio Vargas, depois eleito para a ABL.<\/p>\n<p>Voltando \u00e0 noite festiva, lembro bem que, na presen\u00e7a da delega\u00e7\u00e3o francesa, sugeri e foi aprovada a cria\u00e7\u00e3o da Academia de Latinidade. A ideia foi minha. \u00a0\u00c9 certo que, depois, o acad\u00eamico Candido Mendes de Almeida, encantado pela iniciativa, promoveu uma s\u00e9rie de eventos internacionais pra consolidar a ideia, que j\u00e1 ent\u00e3o se tornou uma realidade.<\/p>\n<p>Na comemora\u00e7\u00e3o dos primeiros 100 anos de doa\u00e7\u00e3o do Petit Trianon \u00e0 ABL, o acad\u00eamico Arno Wehling fez uma bonita exposi\u00e7\u00e3o sobre o significado da sua exist\u00eancia, e foi muito aplaudido. O seu texto foi lido no momento em que a ABL comemorava a reelei\u00e7\u00e3o de Merval Pereira para um novo mandato, com a promessa de grandes realiza\u00e7\u00f5es, inclusive nas rela\u00e7\u00f5es Fran\u00e7a-Brasil. A noite foi enriquecida com dois fatos que merecem destaque: o magn\u00edfico show do artista e acad\u00eamico Gilberto Gil e a presen\u00e7a consagrada do Ministro Lu\u00eds Roberto Barroso, presidente do Supremo Tribunal Federal, que se deslocou de Bras\u00edlia para prestigiar o ato acad\u00eamico.<\/p>\n<p>A ABL vive hoje dificuldades financeiras decorrentes da perda de muitos alugu\u00e9is no Pal\u00e1cio Austreg\u00e9silo de Athayde. Mas est\u00e1 em curso um grande esfor\u00e7o de supera\u00e7\u00e3o disso. Os seus planos de trabalho s\u00e3o na verdade not\u00e1veis.<\/p>\n","protected":false},"excerpt":{"rendered":"<p>Corria o ano de 1998. Na presid\u00eancia da Academia Brasileira de Letras, ocorreu-me convidar um grupo de imortais franceses para uma visita \u00e0 Casa de Machado de Assis. Lembro bem que o intermedi\u00e1rio dessa visita foi acad\u00eamico franc\u00eas Maurice Druon, Secret\u00e1rio Perp\u00e9tuo da Academia Francesa, e que \u00e9 o famoso autor do livro \u201cO menino [&hellip;]<\/p>\n","protected":false},"author":96,"featured_media":0,"comment_status":"closed","ping_status":"closed","sticky":false,"template":"","format":"standard","meta":{"footnotes":""},"categories":[275],"tags":[],"class_list":["post-220194","post","type-post","status-publish","format-standard","hentry","category-arnaldo-niskier"],"_links":{"self":[{"href":"https:\/\/diarioregionaldigital.com.br\/index.php?rest_route=\/wp\/v2\/posts\/220194","targetHints":{"allow":["GET"]}}],"collection":[{"href":"https:\/\/diarioregionaldigital.com.br\/index.php?rest_route=\/wp\/v2\/posts"}],"about":[{"href":"https:\/\/diarioregionaldigital.com.br\/index.php?rest_route=\/wp\/v2\/types\/post"}],"author":[{"embeddable":true,"href":"https:\/\/diarioregionaldigital.com.br\/index.php?rest_route=\/wp\/v2\/users\/96"}],"replies":[{"embeddable":true,"href":"https:\/\/diarioregionaldigital.com.br\/index.php?rest_route=%2Fwp%2Fv2%2Fcomments&post=220194"}],"version-history":[{"count":1,"href":"https:\/\/diarioregionaldigital.com.br\/index.php?rest_route=\/wp\/v2\/posts\/220194\/revisions"}],"predecessor-version":[{"id":220195,"href":"https:\/\/diarioregionaldigital.com.br\/index.php?rest_route=\/wp\/v2\/posts\/220194\/revisions\/220195"}],"wp:attachment":[{"href":"https:\/\/diarioregionaldigital.com.br\/index.php?rest_route=%2Fwp%2Fv2%2Fmedia&parent=220194"}],"wp:term":[{"taxonomy":"category","embeddable":true,"href":"https:\/\/diarioregionaldigital.com.br\/index.php?rest_route=%2Fwp%2Fv2%2Fcategories&post=220194"},{"taxonomy":"post_tag","embeddable":true,"href":"https:\/\/diarioregionaldigital.com.br\/index.php?rest_route=%2Fwp%2Fv2%2Ftags&post=220194"}],"curies":[{"name":"wp","href":"https:\/\/api.w.org\/{rel}","templated":true}]}}