{"id":220192,"date":"2023-12-24T06:00:41","date_gmt":"2023-12-24T09:00:41","guid":{"rendered":"https:\/\/diarioregionaldigital.com.br\/?p=220192"},"modified":"2023-12-23T04:50:55","modified_gmt":"2023-12-23T07:50:55","slug":"a-justica-de-deus-e-bilateral","status":"publish","type":"post","link":"https:\/\/diarioregionaldigital.com.br\/?p=220192","title":{"rendered":"A justi\u00e7a de Deus \u00e9 bilateral"},"content":{"rendered":"<p>\u201cN\u00e3o diga: \u2018Eu o farei pagar pelo mal que me fez!\u2019 Espere pelo Senhor, e ele dar\u00e1 a vit\u00f3ria a voc\u00ea\u201d (Prov\u00e9rbios 20: 22).<\/p>\n<p>Jamais pense em se vingar. N\u00e3o cabe a voc\u00ea fazer justi\u00e7a. Deixe a lei dos homens agir quando for o caso, mas, acima de tudo, confie em Deus, pois \u00e9 Ele e somente Ele que realiza as compensa\u00e7\u00f5es e distribui as penas.<\/p>\n<p>\u201cAmados, nunca procurem vingar-se, mas deixem com Deus a ira, pois est\u00e1 escrito: &#8220;Minha \u00e9 a vingan\u00e7a; eu retribuirei&#8221;, diz o Senhor\u201d (Romanos 12: 19).<\/p>\n<p>Melhor seria que, al\u00e9m de n\u00e3o revidar, a pessoa simplesmente liberasse o perd\u00e3o:<\/p>\n<p>\u201cSuportem-se uns aos outros e perdoem as queixas que tiverem uns contra os outros. Perdoem como o Senhor lhes perdoou\u201d (Colossenses 3: 13).<\/p>\n<p>Pois quando se perdoa, o liame da v\u00edtima para com o culpado se desfaz, o cora\u00e7\u00e3o n\u00e3o fica cativo de \u00f3dios e m\u00e1goas, a mente \u00e9 libertada daqueles pensamentos que azucrinam e a alma fica livre para receber abundantemente mais do que aquilo que foi perdido. Simplesmente, confie na justi\u00e7a de Deus:<\/p>\n<p>\u201cDeus retribuir\u00e1 a cada um conforme o seu procedimento\u201d (Romanos 2: 6).<\/p>\n<p>Tem muita gente que antes de fazer isso quer saber \u201ccomo\u201d Deus a vingar\u00e1. Que tolice! Cabe-nos t\u00e3o somente liberar o perd\u00e3o e deixar o resto com Deus.<\/p>\n<p>\u201cQuando voc\u00eas ficarem irados, n\u00e3o pequem; ao deitar-se reflitam nisso, e aquietem-se. Ofere\u00e7am sacrif\u00edcios como Deus exige e confiem no Senhor\u201d (Salmos 4: 4, 5).<\/p>\n<p>Sendo Ele misericordioso, pode at\u00e9 ser que perdoe o culpado. Se a pessoa alcan\u00e7ar o arrependimento e a f\u00e9, por que n\u00e3o? Se Deus nos perdoou por nossas ofensas contra Ele, por que n\u00e3o perdoaria quem nos ofendeu? Por\u00e9m, n\u00e3o perdemos de vista que Deus \u00e9 justo, ent\u00e3o n\u00e3o deixar\u00e1 de restituir com multa e juros aquele que perdeu, seja na \u00e1rea que for: material, emocional, espiritual,\u2026<\/p>\n<p>A justi\u00e7a de Deus n\u00e3o consiste apenas em liberar castigo, consiste muito mais em valorizar a pessoa que se esfor\u00e7a para seguir a Palavra e mesmo defraudada persevera no bem!<\/p>\n<p>\u201cPelo contr\u00e1rio: \u2018Se o seu inimigo tiver fome, d\u00ea-lhe de comer; se tiver sede, d\u00ea-lhe de beber. Fazendo isso, voc\u00ea amontoar\u00e1 brasas vivas sobre a cabe\u00e7a dele\u2019. N\u00e3o se deixem vencer pelo mal, mas ven\u00e7am o mal com o bem\u201d (Romanos 12: 20, 21).<\/p>\n<p>Independente do que a pessoa tenha sofrido com o dano provocado por outra, a palavra chave \u00e9: confie em Deus! Ele vai dar muito mais a quem perdeu e ministrar a justi\u00e7a com miseric\u00f3rdia da maneira como Ele desejar a quem defraudou.<\/p>\n","protected":false},"excerpt":{"rendered":"<p>\u201cN\u00e3o diga: \u2018Eu o farei pagar pelo mal que me fez!\u2019 Espere pelo Senhor, e ele dar\u00e1 a vit\u00f3ria a voc\u00ea\u201d (Prov\u00e9rbios 20: 22). Jamais pense em se vingar. N\u00e3o cabe a voc\u00ea fazer justi\u00e7a. Deixe a lei dos homens agir quando for o caso, mas, acima de tudo, confie em Deus, pois \u00e9 Ele [&hellip;]<\/p>\n","protected":false},"author":96,"featured_media":0,"comment_status":"closed","ping_status":"closed","sticky":false,"template":"","format":"standard","meta":{"footnotes":""},"categories":[1244],"tags":[],"class_list":["post-220192","post","type-post","status-publish","format-standard","hentry","category-oleg-abramov"],"_links":{"self":[{"href":"https:\/\/diarioregionaldigital.com.br\/index.php?rest_route=\/wp\/v2\/posts\/220192","targetHints":{"allow":["GET"]}}],"collection":[{"href":"https:\/\/diarioregionaldigital.com.br\/index.php?rest_route=\/wp\/v2\/posts"}],"about":[{"href":"https:\/\/diarioregionaldigital.com.br\/index.php?rest_route=\/wp\/v2\/types\/post"}],"author":[{"embeddable":true,"href":"https:\/\/diarioregionaldigital.com.br\/index.php?rest_route=\/wp\/v2\/users\/96"}],"replies":[{"embeddable":true,"href":"https:\/\/diarioregionaldigital.com.br\/index.php?rest_route=%2Fwp%2Fv2%2Fcomments&post=220192"}],"version-history":[{"count":1,"href":"https:\/\/diarioregionaldigital.com.br\/index.php?rest_route=\/wp\/v2\/posts\/220192\/revisions"}],"predecessor-version":[{"id":220193,"href":"https:\/\/diarioregionaldigital.com.br\/index.php?rest_route=\/wp\/v2\/posts\/220192\/revisions\/220193"}],"wp:attachment":[{"href":"https:\/\/diarioregionaldigital.com.br\/index.php?rest_route=%2Fwp%2Fv2%2Fmedia&parent=220192"}],"wp:term":[{"taxonomy":"category","embeddable":true,"href":"https:\/\/diarioregionaldigital.com.br\/index.php?rest_route=%2Fwp%2Fv2%2Fcategories&post=220192"},{"taxonomy":"post_tag","embeddable":true,"href":"https:\/\/diarioregionaldigital.com.br\/index.php?rest_route=%2Fwp%2Fv2%2Ftags&post=220192"}],"curies":[{"name":"wp","href":"https:\/\/api.w.org\/{rel}","templated":true}]}}