{"id":220186,"date":"2023-12-22T22:34:16","date_gmt":"2023-12-23T01:34:16","guid":{"rendered":"https:\/\/diarioregionaldigital.com.br\/?p=220186"},"modified":"2023-12-22T22:34:16","modified_gmt":"2023-12-23T01:34:16","slug":"pcmg-prende-suspeitos-de-feminicidio-tentando-ocorrido-em-divino","status":"publish","type":"post","link":"https:\/\/diarioregionaldigital.com.br\/?p=220186","title":{"rendered":"PCMG prende suspeitos de feminic\u00eddio tentando ocorrido em Divino"},"content":{"rendered":"<p>Ap\u00f3s tentativa de feminic\u00eddio praticada no dia 03\/05\/2023, pr\u00f3ximo a escola Dr. Pedro Paulo Neto, ocasi\u00e3o em que um indiv\u00edduo desconhecido atirou contra com uma arma de fogo diversas vezes contra uma mulher de 39 anos, tendo um dos disparos atingido a cabe\u00e7a da v\u00edtima, a qual foi socorrida para o pronto atendimento m\u00e9dico municipal, a pol\u00edcia civil deu in\u00edcio \u00e0s investiga\u00e7\u00f5es, tendo ao longo deste trabalho identificado 6 suspeitos de envolvimento no crime, um mandante, executor e outros 4 poss\u00edveis envolvido na empreitada criminosa.<\/p>\n<p>Segundo informa\u00e7\u00f5es da assessoria da PCMG, mandados de pris\u00e3o, e busca e apreens\u00e3o em desfavor dos acusados foram expedidos pela Justi\u00e7a, sendo cumpridos pela pol\u00edcia civil. Foi realizado a pris\u00e3o do executor e apreendido arma e ve\u00edculo utilizados no crime. Foi cumprido tamb\u00e9m a pris\u00e3o cautelar de tr\u00eas dos indiv\u00edduos suspeitos de envolvimento.<\/p>\n<p>Ao ser ouvido, o suspeito identificado pela policia civil como sendo o executor, confessou sua participa\u00e7\u00e3o no crime, confirmou a identifica\u00e7\u00e3o dos outros suspeitos, bem como, concordou em realizar a reprodu\u00e7\u00e3o simulada dos fatos, conhecida popularmente como \u201creconstitui\u00e7\u00e3o\u201d, n\u00e3o deixando d\u00favidas de ser ele o executor, visto que, a din\u00e2mica da a\u00e7\u00e3o mostrada por ele, se encaixa perfeitamente, com todas as imagens coletadas ao longo das\u00a0investiga\u00e7\u00f5es.<\/p>\n","protected":false},"excerpt":{"rendered":"<p>Ap\u00f3s tentativa de feminic\u00eddio praticada no dia 03\/05\/2023, pr\u00f3ximo a escola Dr. Pedro Paulo Neto, ocasi\u00e3o em que um indiv\u00edduo desconhecido atirou contra com uma arma de fogo diversas vezes contra uma mulher de 39 anos, tendo um dos disparos atingido a cabe\u00e7a da v\u00edtima, a qual foi socorrida para o pronto atendimento m\u00e9dico municipal, [&hellip;]<\/p>\n","protected":false},"author":246,"featured_media":220187,"comment_status":"closed","ping_status":"closed","sticky":false,"template":"","format":"standard","meta":{"footnotes":""},"categories":[301,436,439],"tags":[],"class_list":["post-220186","post","type-post","status-publish","format-standard","has-post-thumbnail","hentry","category-artigos-policiais","category-destaque-da-semana","category-ultima-hora"],"_links":{"self":[{"href":"https:\/\/diarioregionaldigital.com.br\/index.php?rest_route=\/wp\/v2\/posts\/220186","targetHints":{"allow":["GET"]}}],"collection":[{"href":"https:\/\/diarioregionaldigital.com.br\/index.php?rest_route=\/wp\/v2\/posts"}],"about":[{"href":"https:\/\/diarioregionaldigital.com.br\/index.php?rest_route=\/wp\/v2\/types\/post"}],"author":[{"embeddable":true,"href":"https:\/\/diarioregionaldigital.com.br\/index.php?rest_route=\/wp\/v2\/users\/246"}],"replies":[{"embeddable":true,"href":"https:\/\/diarioregionaldigital.com.br\/index.php?rest_route=%2Fwp%2Fv2%2Fcomments&post=220186"}],"version-history":[{"count":1,"href":"https:\/\/diarioregionaldigital.com.br\/index.php?rest_route=\/wp\/v2\/posts\/220186\/revisions"}],"predecessor-version":[{"id":220188,"href":"https:\/\/diarioregionaldigital.com.br\/index.php?rest_route=\/wp\/v2\/posts\/220186\/revisions\/220188"}],"wp:featuredmedia":[{"embeddable":true,"href":"https:\/\/diarioregionaldigital.com.br\/index.php?rest_route=\/wp\/v2\/media\/220187"}],"wp:attachment":[{"href":"https:\/\/diarioregionaldigital.com.br\/index.php?rest_route=%2Fwp%2Fv2%2Fmedia&parent=220186"}],"wp:term":[{"taxonomy":"category","embeddable":true,"href":"https:\/\/diarioregionaldigital.com.br\/index.php?rest_route=%2Fwp%2Fv2%2Fcategories&post=220186"},{"taxonomy":"post_tag","embeddable":true,"href":"https:\/\/diarioregionaldigital.com.br\/index.php?rest_route=%2Fwp%2Fv2%2Ftags&post=220186"}],"curies":[{"name":"wp","href":"https:\/\/api.w.org\/{rel}","templated":true}]}}