{"id":220183,"date":"2023-12-22T22:25:51","date_gmt":"2023-12-23T01:25:51","guid":{"rendered":"https:\/\/diarioregionaldigital.com.br\/?p=220183"},"modified":"2023-12-22T22:25:51","modified_gmt":"2023-12-23T01:25:51","slug":"blitz-educativa-e-realizada-no-bairro-salvaterra","status":"publish","type":"post","link":"https:\/\/diarioregionaldigital.com.br\/?p=220183","title":{"rendered":"Blitz Educativa \u00e9 realizada no bairro Salvaterra"},"content":{"rendered":"<p>Segundo informa\u00e7\u00f5es do site da Prefeitura de Juiz de Fora (PJF), a Secretaria de Mobilidade Urbana (SMU) da Prefeitura de Juiz de Fora (PJF) realizou na manh\u00e3 desta sexta-feira, 22, uma Blitz Educativa para os condutores, pr\u00f3xima ao trevo do bairro Salvaterra, regi\u00e3o Sul do munic\u00edpio. O objetivo da a\u00e7\u00e3o foi alertar os motoristas e motociclistas sobre a necessidade da manuten\u00e7\u00e3o preventiva dos ve\u00edculos antes de viagens, assim como refor\u00e7ar os cuidados no tr\u00e2nsito neste per\u00edodo festivo.<\/p>\n<p>A Blitz Educativa foi organizada pela Supervis\u00e3o de Educa\u00e7\u00e3o para o Tr\u00e2nsito e pelo Departamento de Fiscaliza\u00e7\u00e3o. A opera\u00e7\u00e3o foi executada pela equipe de agentes de transporte e tr\u00e2nsito. Em m\u00e9dia foram realizadas 400 abordagens.<\/p>\n","protected":false},"excerpt":{"rendered":"<p>Segundo informa\u00e7\u00f5es do site da Prefeitura de Juiz de Fora (PJF), a Secretaria de Mobilidade Urbana (SMU) da Prefeitura de Juiz de Fora (PJF) realizou na manh\u00e3 desta sexta-feira, 22, uma Blitz Educativa para os condutores, pr\u00f3xima ao trevo do bairro Salvaterra, regi\u00e3o Sul do munic\u00edpio. O objetivo da a\u00e7\u00e3o foi alertar os motoristas e [&hellip;]<\/p>\n","protected":false},"author":246,"featured_media":220184,"comment_status":"closed","ping_status":"closed","sticky":false,"template":"","format":"standard","meta":{"footnotes":""},"categories":[253,436,439],"tags":[],"class_list":["post-220183","post","type-post","status-publish","format-standard","has-post-thumbnail","hentry","category-cidade","category-destaque-da-semana","category-ultima-hora"],"_links":{"self":[{"href":"https:\/\/diarioregionaldigital.com.br\/index.php?rest_route=\/wp\/v2\/posts\/220183","targetHints":{"allow":["GET"]}}],"collection":[{"href":"https:\/\/diarioregionaldigital.com.br\/index.php?rest_route=\/wp\/v2\/posts"}],"about":[{"href":"https:\/\/diarioregionaldigital.com.br\/index.php?rest_route=\/wp\/v2\/types\/post"}],"author":[{"embeddable":true,"href":"https:\/\/diarioregionaldigital.com.br\/index.php?rest_route=\/wp\/v2\/users\/246"}],"replies":[{"embeddable":true,"href":"https:\/\/diarioregionaldigital.com.br\/index.php?rest_route=%2Fwp%2Fv2%2Fcomments&post=220183"}],"version-history":[{"count":1,"href":"https:\/\/diarioregionaldigital.com.br\/index.php?rest_route=\/wp\/v2\/posts\/220183\/revisions"}],"predecessor-version":[{"id":220185,"href":"https:\/\/diarioregionaldigital.com.br\/index.php?rest_route=\/wp\/v2\/posts\/220183\/revisions\/220185"}],"wp:featuredmedia":[{"embeddable":true,"href":"https:\/\/diarioregionaldigital.com.br\/index.php?rest_route=\/wp\/v2\/media\/220184"}],"wp:attachment":[{"href":"https:\/\/diarioregionaldigital.com.br\/index.php?rest_route=%2Fwp%2Fv2%2Fmedia&parent=220183"}],"wp:term":[{"taxonomy":"category","embeddable":true,"href":"https:\/\/diarioregionaldigital.com.br\/index.php?rest_route=%2Fwp%2Fv2%2Fcategories&post=220183"},{"taxonomy":"post_tag","embeddable":true,"href":"https:\/\/diarioregionaldigital.com.br\/index.php?rest_route=%2Fwp%2Fv2%2Ftags&post=220183"}],"curies":[{"name":"wp","href":"https:\/\/api.w.org\/{rel}","templated":true}]}}