{"id":220177,"date":"2023-12-22T22:21:26","date_gmt":"2023-12-23T01:21:26","guid":{"rendered":"https:\/\/diarioregionaldigital.com.br\/?p=220177"},"modified":"2023-12-22T22:21:26","modified_gmt":"2023-12-23T01:21:26","slug":"cbf-divulga-calendario-de-competicoes-femininas-2024","status":"publish","type":"post","link":"https:\/\/diarioregionaldigital.com.br\/?p=220177","title":{"rendered":"CBF divulga calend\u00e1rio de competi\u00e7\u00f5es femininas 2024"},"content":{"rendered":"<p>A Confedera\u00e7\u00e3o Brasileira de Futebol divulgou nesta sexta-feira (22) o Calend\u00e1rio das Competi\u00e7\u00f5es Femininas para 2024.<\/p>\n<p>A temporada ser\u00e1 aberta em fevereiro com a Supercopa Feminina e o Brasileiro Feminino Sub-20.<\/p>\n<p>Oito competi\u00e7\u00f5es ser\u00e3o disputadas ao longo da temporada. Os\u00a0campeonatos estaduais contar\u00e3o com um per\u00edodo protegido de setembro a dezembro de 2024, sendo facultado a cada Federa\u00e7\u00e3o a utiliza\u00e7\u00e3o das datas indicadas nesse calend\u00e1rio.<\/p>\n<p>Confira as datas das competi\u00e7\u00f5es de 2024 para o futebol feminino. O calend\u00e1rio completo encontra-se no documento em anexo.<\/p>\n<p><strong>Supercopa Feminina<\/strong>\u00a0&#8211; 11 a 18 de fevereiro<\/p>\n<p><strong>Brasileiro Feminino A-1<\/strong>\u00a0&#8211; 17 de mar\u00e7o a 22 de setembro<\/p>\n<p><strong>Brasileiro Feminino Sub-20<\/strong>\u00a0&#8211; 7 de fevereiro a 24 de julho<\/p>\n<p><strong>Brasileiro Feminino A-2<\/strong>\u00a0&#8211; 13 de abril a 20 de julho<\/p>\n<p><strong>Brasileiro Feminino A-3<\/strong>\u00a0&#8211; 30 de mar\u00e7o a 29 de junho<\/p>\n<p><strong>Brasileiro Feminino Sub-17<\/strong>\u00a0&#8211; 27 de julho a 17 de agosto<\/p>\n<p><strong>Liga de Desenvolvimento Feminina Sub 16 e Sub 14<\/strong>\u00a0&#8211; 1 a 7 de abril<\/p>\n<p><span style=\"font-weight: 400;\">Fonte: CBF <\/span><\/p>\n","protected":false},"excerpt":{"rendered":"<p>A Confedera\u00e7\u00e3o Brasileira de Futebol divulgou nesta sexta-feira (22) o Calend\u00e1rio das Competi\u00e7\u00f5es Femininas para 2024. A temporada ser\u00e1 aberta em fevereiro com a Supercopa Feminina e o Brasileiro Feminino Sub-20. Oito competi\u00e7\u00f5es ser\u00e3o disputadas ao longo da temporada. Os\u00a0campeonatos estaduais contar\u00e3o com um per\u00edodo protegido de setembro a dezembro de 2024, sendo facultado a [&hellip;]<\/p>\n","protected":false},"author":246,"featured_media":220178,"comment_status":"closed","ping_status":"closed","sticky":false,"template":"","format":"standard","meta":{"footnotes":""},"categories":[436,257,439],"tags":[],"class_list":["post-220177","post","type-post","status-publish","format-standard","has-post-thumbnail","hentry","category-destaque-da-semana","category-esporte","category-ultima-hora"],"_links":{"self":[{"href":"https:\/\/diarioregionaldigital.com.br\/index.php?rest_route=\/wp\/v2\/posts\/220177","targetHints":{"allow":["GET"]}}],"collection":[{"href":"https:\/\/diarioregionaldigital.com.br\/index.php?rest_route=\/wp\/v2\/posts"}],"about":[{"href":"https:\/\/diarioregionaldigital.com.br\/index.php?rest_route=\/wp\/v2\/types\/post"}],"author":[{"embeddable":true,"href":"https:\/\/diarioregionaldigital.com.br\/index.php?rest_route=\/wp\/v2\/users\/246"}],"replies":[{"embeddable":true,"href":"https:\/\/diarioregionaldigital.com.br\/index.php?rest_route=%2Fwp%2Fv2%2Fcomments&post=220177"}],"version-history":[{"count":1,"href":"https:\/\/diarioregionaldigital.com.br\/index.php?rest_route=\/wp\/v2\/posts\/220177\/revisions"}],"predecessor-version":[{"id":220179,"href":"https:\/\/diarioregionaldigital.com.br\/index.php?rest_route=\/wp\/v2\/posts\/220177\/revisions\/220179"}],"wp:featuredmedia":[{"embeddable":true,"href":"https:\/\/diarioregionaldigital.com.br\/index.php?rest_route=\/wp\/v2\/media\/220178"}],"wp:attachment":[{"href":"https:\/\/diarioregionaldigital.com.br\/index.php?rest_route=%2Fwp%2Fv2%2Fmedia&parent=220177"}],"wp:term":[{"taxonomy":"category","embeddable":true,"href":"https:\/\/diarioregionaldigital.com.br\/index.php?rest_route=%2Fwp%2Fv2%2Fcategories&post=220177"},{"taxonomy":"post_tag","embeddable":true,"href":"https:\/\/diarioregionaldigital.com.br\/index.php?rest_route=%2Fwp%2Fv2%2Ftags&post=220177"}],"curies":[{"name":"wp","href":"https:\/\/api.w.org\/{rel}","templated":true}]}}