{"id":220159,"date":"2023-12-22T16:14:45","date_gmt":"2023-12-22T19:14:45","guid":{"rendered":"https:\/\/diarioregionaldigital.com.br\/?p=220159"},"modified":"2023-12-22T16:14:45","modified_gmt":"2023-12-22T19:14:45","slug":"prefeitura-municipal-de-descoberto-extrato-no096-22-12-2023","status":"publish","type":"post","link":"https:\/\/diarioregionaldigital.com.br\/?p=220159","title":{"rendered":"Prefeitura Municipal de Descoberto &#8211; Extrato n\u00ba096 &#8211; 22\/12\/2023"},"content":{"rendered":"<p style=\"text-align: center;\"><strong>EXTRATO DE CONTRATO<\/strong><\/p>\n<p style=\"text-align: center;\">Pref. Municipal de Descoberto x Gest\u00e3o Eficiente Capacita\u00e7\u00e3o e Treinamento Ltda \u00a0\u2013 Contrata\u00e7\u00e3o de \u00a0empresa especializada para realiza\u00e7\u00e3o de curso de preg\u00e3o eletr\u00f4nico e implanta\u00e7\u00e3o da nova lei de licita\u00e7\u00f5es o munic\u00edpio de Descoberto. \u2013 \u00a0Fundamento: Inexigibilidade \u00a0n\u00ba 011\/2023 &#8211; Valor Global: R$43.000,00 &#8211; Vig\u00eancia: 12 meses &#8211;\u00a0 Dot or\u00e7: 02.02002.04.122.0002.217-339035\/500 &#8211; \u00a0\u00a0Ass: 22\/12\/2023 &#8211; Foro: S\u00e3o Jo\u00e3o Nepomuceno\/MG.<\/p>\n<p style=\"text-align: center;\"><strong>Marcos de Ara\u00fajo Lima<\/strong><\/p>\n<p style=\"text-align: center;\"><strong>Prefeito Municipal <\/strong><\/p>\n","protected":false},"excerpt":{"rendered":"<p>EXTRATO DE CONTRATO Pref. Municipal de Descoberto x Gest\u00e3o Eficiente Capacita\u00e7\u00e3o e Treinamento Ltda \u00a0\u2013 Contrata\u00e7\u00e3o de \u00a0empresa especializada para realiza\u00e7\u00e3o de curso de preg\u00e3o eletr\u00f4nico e implanta\u00e7\u00e3o da nova lei de licita\u00e7\u00f5es o munic\u00edpio de Descoberto. \u2013 \u00a0Fundamento: Inexigibilidade \u00a0n\u00ba 011\/2023 &#8211; Valor Global: R$43.000,00 &#8211; Vig\u00eancia: 12 meses &#8211;\u00a0 Dot or\u00e7: 02.02002.04.122.0002.217-339035\/500 &#8211; [&hellip;]<\/p>\n","protected":false},"author":96,"featured_media":0,"comment_status":"closed","ping_status":"closed","sticky":false,"template":"","format":"standard","meta":{"footnotes":""},"categories":[307],"tags":[],"class_list":["post-220159","post","type-post","status-publish","format-standard","hentry","category-editais"],"_links":{"self":[{"href":"https:\/\/diarioregionaldigital.com.br\/index.php?rest_route=\/wp\/v2\/posts\/220159","targetHints":{"allow":["GET"]}}],"collection":[{"href":"https:\/\/diarioregionaldigital.com.br\/index.php?rest_route=\/wp\/v2\/posts"}],"about":[{"href":"https:\/\/diarioregionaldigital.com.br\/index.php?rest_route=\/wp\/v2\/types\/post"}],"author":[{"embeddable":true,"href":"https:\/\/diarioregionaldigital.com.br\/index.php?rest_route=\/wp\/v2\/users\/96"}],"replies":[{"embeddable":true,"href":"https:\/\/diarioregionaldigital.com.br\/index.php?rest_route=%2Fwp%2Fv2%2Fcomments&post=220159"}],"version-history":[{"count":1,"href":"https:\/\/diarioregionaldigital.com.br\/index.php?rest_route=\/wp\/v2\/posts\/220159\/revisions"}],"predecessor-version":[{"id":220160,"href":"https:\/\/diarioregionaldigital.com.br\/index.php?rest_route=\/wp\/v2\/posts\/220159\/revisions\/220160"}],"wp:attachment":[{"href":"https:\/\/diarioregionaldigital.com.br\/index.php?rest_route=%2Fwp%2Fv2%2Fmedia&parent=220159"}],"wp:term":[{"taxonomy":"category","embeddable":true,"href":"https:\/\/diarioregionaldigital.com.br\/index.php?rest_route=%2Fwp%2Fv2%2Fcategories&post=220159"},{"taxonomy":"post_tag","embeddable":true,"href":"https:\/\/diarioregionaldigital.com.br\/index.php?rest_route=%2Fwp%2Fv2%2Ftags&post=220159"}],"curies":[{"name":"wp","href":"https:\/\/api.w.org\/{rel}","templated":true}]}}