{"id":220153,"date":"2023-12-22T01:36:41","date_gmt":"2023-12-22T04:36:41","guid":{"rendered":"https:\/\/diarioregionaldigital.com.br\/?p=220153"},"modified":"2023-12-22T01:36:41","modified_gmt":"2023-12-22T04:36:41","slug":"ubs-milho-branco-oferece-roda-de-terapia-comunitaria-para-usuarios","status":"publish","type":"post","link":"https:\/\/diarioregionaldigital.com.br\/?p=220153","title":{"rendered":"UBS Milho Branco oferece Roda de Terapia Comunit\u00e1ria para usu\u00e1rios"},"content":{"rendered":"<p>Segundo informa\u00e7\u00f5es do site da Prefeitura de Juiz de Fora (PJF), como forma de atuar na promo\u00e7\u00e3o da autoestima e da autoconfian\u00e7a, no acolhimento, na preven\u00e7\u00e3o do adoecimento mental, bem como ajudar as pessoas a resgatarem v\u00ednculos afetivos e sociais, a Unidade B\u00e1sica de Sa\u00fade (UBS) Milho Branco, da Prefeitura de Juiz de Fora (PJF), tem oferecido a Roda de Terapia Comunit\u00e1ria Intensiva (TCI).<\/p>\n<p>Sendo considerados tamb\u00e9m instrumentos que facilitam a agrega\u00e7\u00e3o, a mobiliza\u00e7\u00e3o e a inclus\u00e3o social, os encontros s\u00e3o abertos ao p\u00fablico e realizados \u00e0s quartas-feiras, a partir das 13h30 na Escola Municipal Eng. Andr\u00e9 Rebou\u00e7as, na Rua Nicolau Shuery, 60, Milho Branco.<\/p>\n<p>A roda consiste na partilha de experi\u00eancias de vida e sabedoria de forma horizontal e circular, onde cada pessoa torna-se terapeuta de si mesmo, a partir da escuta das hist\u00f3rias de vida. Ouvindo os problemas do cotidiano dos participantes, os demais integrantes da roda escutam a verbaliza\u00e7\u00e3o da dor, inquieta\u00e7\u00e3o ou tristeza do pr\u00f3ximo e, posteriormente, falam sobre situa\u00e7\u00f5es vivenciadas ou semelhantes que possam auxiliar na supera\u00e7\u00e3o dos problemas.<\/p>\n<p>Conforme a respons\u00e1vel pela condu\u00e7\u00e3o da roda, e agente Comunit\u00e1ria de Sa\u00fade (ACS) da UBS Milho Branco, Dulcineia Salustiano, \u201cas rodas de terapia comunit\u00e1ria na UBS de Milho Branco t\u00eam demonstrado resultados muito positivos junto \u00e0 popula\u00e7\u00e3o. \u00c9 uma a\u00e7\u00e3o que tem auxiliado os integrantes na supera\u00e7\u00e3o dos problemas cotidianos, visto que a din\u00e2mica das rodas tem como proposta ser um espa\u00e7o de escuta, apoio, de acolhimento e de n\u00e3o julgamento. Al\u00e9m disso, percebemos que os objetivos da roda tem possibilitado o fortalecimento das redes sociais solid\u00e1rias junto \u00e0 comunidade, visto que \u00e9 aberta ao p\u00fablico, ou seja, qualquer pessoa pode participar\u201d.<\/p>\n<p>O p\u00fablico que frequenta as rodas em Milho Branco s\u00e3o, em sua maioria, mulheres da 3\u00ba idade que encontraram na pr\u00e1tica em grupo um importante instrumento para superar os desafios e dificuldades do cotidiano. \u00c9 o caso, por exemplo, de Maria Madalena Gomes, 72 anos, que participa da roda de terapia h\u00e1 cinco anos. \u201cPara mim teve um \u00f3timo impacto. Eu cheguei debilitada, muito triste e hoje me encontro muito bem, me superei com a ajuda do grupo\u201d, ressalta.<\/p>\n<p>Na \u00faltima semana, o grupo da Roda de Terapia Comunit\u00e1ria Integrativa (TCI) da UBS Milho Branco realizou uma confraterniza\u00e7\u00e3o de fim de ano no Parque Municipal. Al\u00e9m do amigo oculto, o encontro teve din\u00e2micas de cuidado comunit\u00e1rio e um momento para um lanche compartilhado.<\/p>\n<p><strong>Grupo de Roda de Terapia Comunit\u00e1ria Intensiva (TCI)<\/strong><\/p>\n<p>A Terapia Comunit\u00e1ria Intensiva (TCI) faz parte da Pol\u00edtica Nacional de Pr\u00e1ticas Integrativas e Complementares (PNPIC) e consiste em pr\u00e1tica preventiva e terap\u00eautica de cuidado em sa\u00fade aos usu\u00e1rios do Sistema \u00danico de Sa\u00fade (SUS). No \u00e2mbito municipal, as a\u00e7\u00f5es das rodas de TCI da Aten\u00e7\u00e3o Prim\u00e1ria est\u00e3o sendo incentivadas e valorizadas pela gest\u00e3o e do Grupo Condutor para fortalecimento e amplia\u00e7\u00e3o das Pr\u00e1ticas Integrativas e Complementares (PMPIC) em Juiz de Fora no \u00e2mbito do SUS.<\/p>\n","protected":false},"excerpt":{"rendered":"<p>Segundo informa\u00e7\u00f5es do site da Prefeitura de Juiz de Fora (PJF), como forma de atuar na promo\u00e7\u00e3o da autoestima e da autoconfian\u00e7a, no acolhimento, na preven\u00e7\u00e3o do adoecimento mental, bem como ajudar as pessoas a resgatarem v\u00ednculos afetivos e sociais, a Unidade B\u00e1sica de Sa\u00fade (UBS) Milho Branco, da Prefeitura de Juiz de Fora (PJF), [&hellip;]<\/p>\n","protected":false},"author":246,"featured_media":220154,"comment_status":"closed","ping_status":"closed","sticky":false,"template":"","format":"standard","meta":{"footnotes":""},"categories":[253,436,439],"tags":[],"class_list":["post-220153","post","type-post","status-publish","format-standard","has-post-thumbnail","hentry","category-cidade","category-destaque-da-semana","category-ultima-hora"],"_links":{"self":[{"href":"https:\/\/diarioregionaldigital.com.br\/index.php?rest_route=\/wp\/v2\/posts\/220153","targetHints":{"allow":["GET"]}}],"collection":[{"href":"https:\/\/diarioregionaldigital.com.br\/index.php?rest_route=\/wp\/v2\/posts"}],"about":[{"href":"https:\/\/diarioregionaldigital.com.br\/index.php?rest_route=\/wp\/v2\/types\/post"}],"author":[{"embeddable":true,"href":"https:\/\/diarioregionaldigital.com.br\/index.php?rest_route=\/wp\/v2\/users\/246"}],"replies":[{"embeddable":true,"href":"https:\/\/diarioregionaldigital.com.br\/index.php?rest_route=%2Fwp%2Fv2%2Fcomments&post=220153"}],"version-history":[{"count":1,"href":"https:\/\/diarioregionaldigital.com.br\/index.php?rest_route=\/wp\/v2\/posts\/220153\/revisions"}],"predecessor-version":[{"id":220155,"href":"https:\/\/diarioregionaldigital.com.br\/index.php?rest_route=\/wp\/v2\/posts\/220153\/revisions\/220155"}],"wp:featuredmedia":[{"embeddable":true,"href":"https:\/\/diarioregionaldigital.com.br\/index.php?rest_route=\/wp\/v2\/media\/220154"}],"wp:attachment":[{"href":"https:\/\/diarioregionaldigital.com.br\/index.php?rest_route=%2Fwp%2Fv2%2Fmedia&parent=220153"}],"wp:term":[{"taxonomy":"category","embeddable":true,"href":"https:\/\/diarioregionaldigital.com.br\/index.php?rest_route=%2Fwp%2Fv2%2Fcategories&post=220153"},{"taxonomy":"post_tag","embeddable":true,"href":"https:\/\/diarioregionaldigital.com.br\/index.php?rest_route=%2Fwp%2Fv2%2Ftags&post=220153"}],"curies":[{"name":"wp","href":"https:\/\/api.w.org\/{rel}","templated":true}]}}