{"id":220150,"date":"2023-12-22T01:34:30","date_gmt":"2023-12-22T04:34:30","guid":{"rendered":"https:\/\/diarioregionaldigital.com.br\/?p=220150"},"modified":"2023-12-22T01:34:30","modified_gmt":"2023-12-22T04:34:30","slug":"veja-como-fica-o-funcionamento-da-pjf-durante-a-segunda-de-natal","status":"publish","type":"post","link":"https:\/\/diarioregionaldigital.com.br\/?p=220150","title":{"rendered":"Veja como fica o funcionamento da PJF durante a segunda de Natal"},"content":{"rendered":"<p>Segundo informa\u00e7\u00f5es do site da Prefeitura de Juiz de Fora (PJF), em fun\u00e7\u00e3o do feriado de Natal, na segunda-feira, 25, os servi\u00e7os da Prefeitura de Juiz de Fora (PJF) ter\u00e3o altera\u00e7\u00f5es durante o per\u00edodo. Confira como fica o funcionamento no feriado:<\/p>\n<p>&nbsp;<\/p>\n<div><strong>Companhia de Saneamento Municipal (Cesama)<\/strong>: A Cesama ir\u00e1 trabalhar em esquema de plant\u00e3o no feriado. Os pedidos podem ser feitos por meio do telefone 115 ou pelo (32) 3142-0777, que operam 24 horas.<\/div>\n<p>&nbsp;<\/p>\n<div><strong>Departamento Municipal de Limpeza Urbana (Demlurb):\u00a0<\/strong>O Departamento Municipal de Limpeza Urbana (Demlurb) atuar\u00e1 normalmente com todos os servi\u00e7os operacionais durante o feriado de segunda-feira, 25, exceto Ecopontos e coleta domiciliar e seletiva n\u00e3o haver\u00e1 expediente. Ademais, o Demlurb tamb\u00e9m conta com equipe em regime de plant\u00e3o para poss\u00edveis demandas emergenciais em decorr\u00eancia do per\u00edodo chuvoso. O setor administrativo retorna \u00e0s atividades na ter\u00e7a-feira, 26. O Canil Municipal funciona normalmente para atendimento de recolhimento durante todo o feriado<\/div>\n<p>&nbsp;<\/p>\n<div><strong>Empresa Municipal de Pavimenta\u00e7\u00e3o e Urbanidades (Empav):\u00a0<\/strong>As equipes poda de \u00e1rvores estar\u00e3o de sobreaviso durante o per\u00edodo<\/div>\n<p>&nbsp;<\/p>\n<div><strong>Guarda Municipal (GM):<\/strong>\u00a0A Guarda mant\u00e9m equipes na Central de Monitoramento e Opera\u00e7\u00f5es (CMO) 24h atendendo pelo 153 e em rondas preventivas.<\/div>\n<p>&nbsp;<\/p>\n<div><strong>Agentes de Transporte e Tr\u00e2nsito:\u00a0<\/strong>Durante o feriado os agentes de transporte e tr\u00e2nsito estar\u00e3o de plant\u00e3o e podem ser acionados pelo telefone 2104-7400.<\/div>\n<p>&nbsp;<\/p>\n<div><strong>Defesa Civil:\u00a0<\/strong>A equipe da Defesa Civil estar\u00e1 de plant\u00e3o. Em caso de emerg\u00eancia, disque 199. A Central de Atendimento funciona 24h.<\/div>\n<p>&nbsp;<\/p>\n<div><strong>Mercado Municipal:\u00a0<\/strong>no s\u00e1bado e no domingo funcionar\u00e1 das 8h \u00e0s 16h. Na segunda, dia 25, ficar\u00e1 fechado.<\/div>\n<p>&nbsp;<\/p>\n<div><strong>Feiras livres:\u00a0<\/strong>funcionam normalmente no s\u00e1bado, 23, e no domingo, 24. Na segunda-feira, 25, n\u00e3o funcionam.<\/div>\n<p>&nbsp;<\/p>\n<div><strong>Restaurante Popular:<\/strong>\u00a0s\u00e1bado, 23, domingo, 24 e segunda-feira, 25, funciona das 11h \u00e0s 13h, com atendimento exclusivo ao p\u00fablico autorizado pela Assist\u00eancia Social.<\/div>\n<p>&nbsp;<\/p>\n<div><strong>Sa\u00fade:<\/strong>\u00a0Os servi\u00e7os de Urg\u00eancia e Emerg\u00eancia do Pronto Atendimento Infantil (PAI), Regional Leste e Hospital de Pronto Socorro (HPS), bem como a Central de Regula\u00e7\u00e3o de Vagas Hospitalares, permanecem em funcionamento normal 24 horas durante o per\u00edodo. As Unidades B\u00e1sicas de Sa\u00fade (UBS) n\u00e3o funcionam na segunda-feira, 25. As atividades nas UBS\u2019s retornam na ter\u00e7a-feira, 26, \u00e0s 7h. O Departamento de Sa\u00fade da Mulher, Gestante, Crian\u00e7a e do Adolescente (DSMGCA) e o Servi\u00e7o de Sa\u00fade do Idoso (Sasi) n\u00e3o funcionam na segunda-feira, 25. O Departamento de Sa\u00fade Mental (DESM), o Centro de Aten\u00e7\u00e3o \u00e0 Sa\u00fade Mental (CASM)\/ Centro de Conviv\u00eancia Recriar (CCR), o\u00a0 Centro de Aten\u00e7\u00e3o Psicossocial (CAPS) Leste e CAPS i paralisam os atendimentos na segunda-feira, 25. O CAPS AD e o CAPS Casa Viva funcionam normalmente. O Pam Marechal permanece fechado na segunda-feira, 25. As Vacina\u00e7\u00f5es contra a Covid-19, Influenza\u00a0 e de rotina retornam na ter\u00e7a-feira, 26, nas UBSs, no DSMGCA e no Sasi, a partir das 8h. Os Centros de Especialidades Odontol\u00f3gicas (CEO) permanecem fechados na segunda-feira, 25. O Pronto Atendimento Odontol\u00f3gico, no HPS, funciona normalmente, 24 horas durante o per\u00edodo.<\/div>\n<p>&nbsp;<\/p>\n<div><strong>Casa da Mulher<\/strong>: O centro de refer\u00eancia n\u00e3o funcionar\u00e1 no feriado.<\/div>\n<p>&nbsp;<\/p>\n<div><strong>Assist\u00eancia Social:\u00a0<\/strong>Funcionar\u00e3o normalmente os servi\u00e7os de Casas de Acolhimento, Casas de Passagem e Abordagem Social. O servi\u00e7o especializado de abordagem social pode ser acionado de 7h \u00e0s 0h , pelos telefones 3690-7770 ou 99807-0719. Os centros Especializado de Assist\u00eancia Social (Creas) e de Refer\u00eancia de Assist\u00eancia Social (Cras) e Servi\u00e7os de Fortalecimento de V\u00ednculos n\u00e3o funcionar\u00e3o, retomando o funcionamento normal na segunda, dia 6.<\/div>\n<p>&nbsp;<\/p>\n<div><strong>Conselhos Tutelares:<\/strong>\u00a0Funcionar\u00e3o em esquema de plant\u00e3o, pelos telefones: Sul\/Oeste: 98431-4793; Centro\/Norte: 98429-4740; Leste: 98463-0980.<\/div>\n<p>&nbsp;<\/p>\n<div><strong>Funalfa:\u00a0<\/strong>O<strong>\u00a0<\/strong>Pa\u00e7o Municipal, Anfiteatro Jo\u00e3o Carri\u00e7o, Biblioteca Municipal Murilo Mendes, Casa de Leitura Delfina Fonseca Lima, Centro Cultural Dnar Rocha, Museu Ferrovi\u00e1rio e o Teatro Paschoal Carlos Magno, Centro Cultural Bernardo Mascarenhas e Centro de Esportes Unificado (Pra\u00e7a CEU)\u00a0 ficam fechados durante o feriado.<\/div>\n<p>&nbsp;<\/p>\n<div><strong>Parque Municipal:\u00a0<\/strong>O parque fica fechado no domingo, 24, e na segunda, 25, retornando ao normal na ter\u00e7a-feira, 26.<\/div>\n<p>&nbsp;<\/p>\n<div><strong>Museu Mariano Proc\u00f3pio:<\/strong>\u00a0Tanto o parque quanto o museu estar\u00e3o fechados de s\u00e1bado, 23, a segunda, 25, retomando o funcionamento na ter\u00e7a-feira, 26.<\/div>\n<p>&nbsp;<\/p>\n<div><strong>Espa\u00e7o Cidade:<\/strong>\u00a0Fica fechado durante o feriado.<\/div>\n<p>&nbsp;<\/p>\n<div><strong>Parque da Lajinha:\u00a0<\/strong>O Parque da Lajinha fica fechado \u00e0s segundas para manuten\u00e7\u00e3o.<\/div>\n<p>&nbsp;<\/p>\n<div><strong>Ag\u00eancia de Prote\u00e7\u00e3o e Defesa do Consumidor (Procon):<\/strong>\u00a0n\u00e3o haver\u00e1 funcionamento no feriado.<\/div>\n<p>&nbsp;<\/p>\n<div><strong>Departamento de Informa\u00e7\u00e3o Geral e Atendimento (Diga):\u00a0<\/strong>As unidades do DIGA n\u00e3o funcionar\u00e3o no feriado<\/div>\n","protected":false},"excerpt":{"rendered":"<p>Segundo informa\u00e7\u00f5es do site da Prefeitura de Juiz de Fora (PJF), em fun\u00e7\u00e3o do feriado de Natal, na segunda-feira, 25, os servi\u00e7os da Prefeitura de Juiz de Fora (PJF) ter\u00e3o altera\u00e7\u00f5es durante o per\u00edodo. Confira como fica o funcionamento no feriado: &nbsp; Companhia de Saneamento Municipal (Cesama): A Cesama ir\u00e1 trabalhar em esquema de plant\u00e3o [&hellip;]<\/p>\n","protected":false},"author":246,"featured_media":220151,"comment_status":"closed","ping_status":"closed","sticky":false,"template":"","format":"standard","meta":{"footnotes":""},"categories":[253,436,440,439],"tags":[],"class_list":["post-220150","post","type-post","status-publish","format-standard","has-post-thumbnail","hentry","category-cidade","category-destaque-da-semana","category-destaques-do-dia","category-ultima-hora"],"_links":{"self":[{"href":"https:\/\/diarioregionaldigital.com.br\/index.php?rest_route=\/wp\/v2\/posts\/220150","targetHints":{"allow":["GET"]}}],"collection":[{"href":"https:\/\/diarioregionaldigital.com.br\/index.php?rest_route=\/wp\/v2\/posts"}],"about":[{"href":"https:\/\/diarioregionaldigital.com.br\/index.php?rest_route=\/wp\/v2\/types\/post"}],"author":[{"embeddable":true,"href":"https:\/\/diarioregionaldigital.com.br\/index.php?rest_route=\/wp\/v2\/users\/246"}],"replies":[{"embeddable":true,"href":"https:\/\/diarioregionaldigital.com.br\/index.php?rest_route=%2Fwp%2Fv2%2Fcomments&post=220150"}],"version-history":[{"count":1,"href":"https:\/\/diarioregionaldigital.com.br\/index.php?rest_route=\/wp\/v2\/posts\/220150\/revisions"}],"predecessor-version":[{"id":220152,"href":"https:\/\/diarioregionaldigital.com.br\/index.php?rest_route=\/wp\/v2\/posts\/220150\/revisions\/220152"}],"wp:featuredmedia":[{"embeddable":true,"href":"https:\/\/diarioregionaldigital.com.br\/index.php?rest_route=\/wp\/v2\/media\/220151"}],"wp:attachment":[{"href":"https:\/\/diarioregionaldigital.com.br\/index.php?rest_route=%2Fwp%2Fv2%2Fmedia&parent=220150"}],"wp:term":[{"taxonomy":"category","embeddable":true,"href":"https:\/\/diarioregionaldigital.com.br\/index.php?rest_route=%2Fwp%2Fv2%2Fcategories&post=220150"},{"taxonomy":"post_tag","embeddable":true,"href":"https:\/\/diarioregionaldigital.com.br\/index.php?rest_route=%2Fwp%2Fv2%2Ftags&post=220150"}],"curies":[{"name":"wp","href":"https:\/\/api.w.org\/{rel}","templated":true}]}}