{"id":220125,"date":"2023-12-21T00:21:18","date_gmt":"2023-12-21T03:21:18","guid":{"rendered":"https:\/\/diarioregionaldigital.com.br\/?p=220125"},"modified":"2023-12-21T00:21:18","modified_gmt":"2023-12-21T03:21:18","slug":"prefeita-inaugura-sala-multiuso-para-atividades-esportivas-culturais-e-de-desenvolvimento-pessoal-no-esplanada","status":"publish","type":"post","link":"https:\/\/diarioregionaldigital.com.br\/?p=220125","title":{"rendered":"Prefeita inaugura Sala Multiuso para atividades esportivas, culturais e de desenvolvimento pessoal no Esplanada"},"content":{"rendered":"<p>Segundo informa\u00e7\u00f5es do site da Prefeitura de Juiz de Fora (PJF), <span style=\"color: #333333; font-size: 16px;\">a PJF inaugurou nesta ter\u00e7a-feira, 19, um espa\u00e7o multiuso voltado para os moradores do bairro Esplanada e para toda regi\u00e3o Norte. Demanda hist\u00f3rica atendida, o local ser\u00e1 utilizado por idosos, adultos e crian\u00e7as em atividades esportivas, culturais e de desenvolvimento pessoal. Gin\u00e1stica, pilates, artes marciais, cursos profissionalizantes, entre outras a\u00e7\u00f5es ser\u00e3o oferecidos no Centro Comunit\u00e1rio. Com essa inaugura\u00e7\u00e3o, a PJF amplia a educa\u00e7\u00e3o no bairro, oferecendo mais qualidade de vida para toda a popula\u00e7\u00e3o. O equipamento fica localizado na Rua Bias Fortes, n\u00ba 76.<\/span><\/p>\n<div id=\"box_texto_noticia\">\n<div>Durante a inaugura\u00e7\u00e3o, a prefeita Margarida Salom\u00e3o enfatizou a import\u00e2ncia dessa parceria do poder p\u00fablico com a comunidade. \u201cN\u00f3s vamos ter esse espa\u00e7o para desenvolver projetos das Secretarias de Esporte e Lazer, da Educa\u00e7\u00e3o, da Seguran\u00e7a Urbana e Cidadania, e ao mesmo tempo para a pr\u00f3pria comunidade usar para festas de casamento e anivers\u00e1rio. Estou muito feliz que, finalmente, estejamos realizando essa entrega. \u00c9 uma grande conquista do bairro e temos agora esse maravilhoso espa\u00e7o que vai receber o nome da querida Maria Eterna da Costa Gomes, a Terninha. Estamos realizando o sonho dela de ter um espa\u00e7o multiuso aqui no Esplanada\u201d.<\/div>\n<div>A secret\u00e1ria de Governo, Cidinha Louzada, frisou que esse espa\u00e7o novo \u00e9 da comunidade. \u201cA sala, o pr\u00f3prio nome j\u00e1 diz tudo: sala multiuso. Um lugar que pode ser transformado em um sal\u00e3o cultural que pode tanto receber uma pe\u00e7a de teatro quanto ser um espa\u00e7o onde a popula\u00e7\u00e3o possa realizar uma festa. Al\u00e9m disso, a Prefeitura pode realizar projetos com crian\u00e7as, jovens e adultos tamb\u00e9m. \u00c9 um espa\u00e7o que a Terninha lutou muito para conquistar. \u00c9 um presente que ela n\u00e3o pode estar aqui para entregar, mas tenho certeza absoluta que de onde ela estiver, est\u00e1 realizada\u201d.<\/div>\n<div>Para o secret\u00e1rio de Esporte e Lazer, Marcelo Matta, \u00e9 uma alegria inaugurar essa sala multiuso. \u201cVamos usar este espa\u00e7o para ter atividades esportivas relacionadas com a promo\u00e7\u00e3o da sa\u00fade, pois aqui do lado temos uma UBS e isso j\u00e1 faz parte das a\u00e7\u00f5es da Prefeitura. Vamos ter eventos culturais e o principal, um compartilhamento com a comunidade, onde ela vai poder usufruir deste espa\u00e7o para a realiza\u00e7\u00e3o de v\u00e1rios eventos\u201d.<\/div>\n<div>De acordo com o filho da Maria Eterna da Costa Gomes, Alexandre Gomes, a inaugura\u00e7\u00e3o do espa\u00e7o \u00e9 um momento de muita emo\u00e7\u00e3o. \u201cVai fazer tr\u00eas meses que minha m\u00e3e partiu, mas sei que ela est\u00e1 em um lugar muito bom e muito feliz com essa realiza\u00e7\u00e3o. Ela, enquanto estava viva, batalhou, correu, para a constru\u00e7\u00e3o desse espa\u00e7o. Foi uma luta constante. Agrade\u00e7o muito por este espa\u00e7o ter o nome dela e as pessoas que fizeram isso acontecer\u201d.<\/div>\n<div>Para a l\u00edder da comunidade do bairro Esplanada, Marcil\u00e9ia Rodrigues, \u201cgostaria de agradecer a Cidinha, a prefeita Margarida, por estar dando essa oportunidade para a gente. Estamos felizes por ter esse sal\u00e3o multiuso, coisa que n\u00e3o t\u00ednhamos no bairro. A dona Terninha vinha h\u00e1 muito tempo tentando conquistar esse espa\u00e7o para a comunidade. Agora, vamos cuidar e zelar porque \u00e9 nosso\u201d.<\/div>\n<div>A obra foi poss\u00edvel gra\u00e7as a uma emenda parlamentar do mandato da ent\u00e3o deputada Margarida Salom\u00e3o, indicada em 2016. Quando aprovada a lei que o nomeia, o local ser\u00e1 conhecido como Centro Comunit\u00e1rio Maria Eterna da Costa Gomes, uma homenagem \u00e0 lideran\u00e7a comunit\u00e1ria &#8220;Terninha do Esplanada&#8221;.<\/div>\n<\/div>\n<p>&nbsp;<\/p>\n<div id=\"box_compartilhar\" align=\"right\"><\/div>\n","protected":false},"excerpt":{"rendered":"<p>Segundo informa\u00e7\u00f5es do site da Prefeitura de Juiz de Fora (PJF), a PJF inaugurou nesta ter\u00e7a-feira, 19, um espa\u00e7o multiuso voltado para os moradores do bairro Esplanada e para toda regi\u00e3o Norte. Demanda hist\u00f3rica atendida, o local ser\u00e1 utilizado por idosos, adultos e crian\u00e7as em atividades esportivas, culturais e de desenvolvimento pessoal. Gin\u00e1stica, pilates, artes [&hellip;]<\/p>\n","protected":false},"author":246,"featured_media":220126,"comment_status":"closed","ping_status":"closed","sticky":false,"template":"","format":"standard","meta":{"footnotes":""},"categories":[253,436,439],"tags":[],"class_list":["post-220125","post","type-post","status-publish","format-standard","has-post-thumbnail","hentry","category-cidade","category-destaque-da-semana","category-ultima-hora"],"_links":{"self":[{"href":"https:\/\/diarioregionaldigital.com.br\/index.php?rest_route=\/wp\/v2\/posts\/220125","targetHints":{"allow":["GET"]}}],"collection":[{"href":"https:\/\/diarioregionaldigital.com.br\/index.php?rest_route=\/wp\/v2\/posts"}],"about":[{"href":"https:\/\/diarioregionaldigital.com.br\/index.php?rest_route=\/wp\/v2\/types\/post"}],"author":[{"embeddable":true,"href":"https:\/\/diarioregionaldigital.com.br\/index.php?rest_route=\/wp\/v2\/users\/246"}],"replies":[{"embeddable":true,"href":"https:\/\/diarioregionaldigital.com.br\/index.php?rest_route=%2Fwp%2Fv2%2Fcomments&post=220125"}],"version-history":[{"count":1,"href":"https:\/\/diarioregionaldigital.com.br\/index.php?rest_route=\/wp\/v2\/posts\/220125\/revisions"}],"predecessor-version":[{"id":220127,"href":"https:\/\/diarioregionaldigital.com.br\/index.php?rest_route=\/wp\/v2\/posts\/220125\/revisions\/220127"}],"wp:featuredmedia":[{"embeddable":true,"href":"https:\/\/diarioregionaldigital.com.br\/index.php?rest_route=\/wp\/v2\/media\/220126"}],"wp:attachment":[{"href":"https:\/\/diarioregionaldigital.com.br\/index.php?rest_route=%2Fwp%2Fv2%2Fmedia&parent=220125"}],"wp:term":[{"taxonomy":"category","embeddable":true,"href":"https:\/\/diarioregionaldigital.com.br\/index.php?rest_route=%2Fwp%2Fv2%2Fcategories&post=220125"},{"taxonomy":"post_tag","embeddable":true,"href":"https:\/\/diarioregionaldigital.com.br\/index.php?rest_route=%2Fwp%2Fv2%2Ftags&post=220125"}],"curies":[{"name":"wp","href":"https:\/\/api.w.org\/{rel}","templated":true}]}}