{"id":220122,"date":"2023-12-21T00:19:49","date_gmt":"2023-12-21T03:19:49","guid":{"rendered":"https:\/\/diarioregionaldigital.com.br\/?p=220122"},"modified":"2023-12-21T00:19:49","modified_gmt":"2023-12-21T03:19:49","slug":"pjf-decora-a-cidade-com-luzes-e-atracoes-para-receber-turistas-e-populacao-local","status":"publish","type":"post","link":"https:\/\/diarioregionaldigital.com.br\/?p=220122","title":{"rendered":"PJF decora a cidade com luzes e atra\u00e7\u00f5es para receber turistas e popula\u00e7\u00e3o local"},"content":{"rendered":"<p>Segundo informa\u00e7\u00f5es do site da Prefeitura de Juiz de Fora (PJF), a PJF transformou a cidade em um festival de luzes e cores para a comemora\u00e7\u00e3o das festas de Natal e Ano Novo. Pra\u00e7as, ruas, parques e avenidas chamam a aten\u00e7\u00e3o e muitas fam\u00edlias usam as \u201ccaixas de presentes\u201d e \u201cglobo\u201d instagram\u00e1veis para fotos e v\u00eddeos. Em diversos pontos da cidade est\u00e3o sendo realizadas cantadas com m\u00fasicas natalinas e cl\u00e1ssicos da MPB.<\/p>\n<p>Juiz de Fora est\u00e1 pronta para as comemora\u00e7\u00f5es e tamb\u00e9m para receber turistas da regi\u00e3o para compras em sua extensa rede de lojas nas galerias centrais, totalmente ornamentadas, ou nos shopping centers. Os maiores destaques est\u00e3o na ilumina\u00e7\u00e3o do parque Halfeld, cal\u00e7ad\u00e3o da rua Halfeld, Avenida Rio Branco, Rua S\u00e3o Jo\u00e3o e os jardins do Museu Mariano Proc\u00f3pio.<\/p>\n<p>A rede hoteleira que disp\u00f5e de mais de 5 mil leitos tem promo\u00e7\u00f5es para esta \u00e9poca do ano visando atrair quem vem \u00e0s compras a ficar um ou mais dias na cidade. Para quem vai fazer um \u201cbate e volta\u201d, existem outros atrativos, como o projeto \u201cQue tal um Caf\u00e9?\u201d, coordenado pela Secretaria de Turismo em parceria com o Sindicato dos Hot\u00e9is, Restaurantes, Bares e Similares. S\u00e3o dez hot\u00e9is que oferecem o caf\u00e9 da manh\u00e3 para n\u00e3o h\u00f3spedes a pre\u00e7os atrativos e com grande variedade de quitutes. A lista dos hot\u00e9is participantes do projeto pode ser conferida no<strong>\u00a0<\/strong><a href=\"https:\/\/sindicatojf.com.br\/noticia\/programa-que-tal-um-cafe?-e-lancado-pela-secretaria-de-turismo\"><strong>link<\/strong><\/a>.<\/p>\n<p>Al\u00e9m disso, os turistas e os moradores locais podem tamb\u00e9m usufruir do \u201cday use\u201d de v\u00e1rios hot\u00e9is e pousadas. Isso quer dizer que as pessoas podem pagar uma taxa para usar depend\u00eancias dos hot\u00e9is como piscina, sauna, salas de jogos e outros mediante pagamento de uma taxa, mesmo sem estarem hospedadas.<\/p>\n<p>Para a popula\u00e7\u00e3o em geral e para quem for esticar sua estadia na cidade at\u00e9 a virada do ano, o grande evento ser\u00e1 a queima de fogos no Morro do Cristo, que poder\u00e1 ser visto de diversas partes da cidade, inclusive o Parque Halfeld. O ponto tur\u00edstico j\u00e1 est\u00e1 ornamentado e iluminado com os dizeres \u201cBoas Festas\u201d que podem ser vistos de diversas partes da cidade. Toda a decora\u00e7\u00e3o de Natal pode ser vista e visitada at\u00e9 o Dia de Reis, 6 de janeiro, quando ser\u00e3o desmontadas.<\/p>\n","protected":false},"excerpt":{"rendered":"<p>Segundo informa\u00e7\u00f5es do site da Prefeitura de Juiz de Fora (PJF), a PJF transformou a cidade em um festival de luzes e cores para a comemora\u00e7\u00e3o das festas de Natal e Ano Novo. Pra\u00e7as, ruas, parques e avenidas chamam a aten\u00e7\u00e3o e muitas fam\u00edlias usam as \u201ccaixas de presentes\u201d e \u201cglobo\u201d instagram\u00e1veis para fotos e [&hellip;]<\/p>\n","protected":false},"author":246,"featured_media":220123,"comment_status":"closed","ping_status":"closed","sticky":false,"template":"","format":"standard","meta":{"footnotes":""},"categories":[253,436,440,439],"tags":[],"class_list":["post-220122","post","type-post","status-publish","format-standard","has-post-thumbnail","hentry","category-cidade","category-destaque-da-semana","category-destaques-do-dia","category-ultima-hora"],"_links":{"self":[{"href":"https:\/\/diarioregionaldigital.com.br\/index.php?rest_route=\/wp\/v2\/posts\/220122","targetHints":{"allow":["GET"]}}],"collection":[{"href":"https:\/\/diarioregionaldigital.com.br\/index.php?rest_route=\/wp\/v2\/posts"}],"about":[{"href":"https:\/\/diarioregionaldigital.com.br\/index.php?rest_route=\/wp\/v2\/types\/post"}],"author":[{"embeddable":true,"href":"https:\/\/diarioregionaldigital.com.br\/index.php?rest_route=\/wp\/v2\/users\/246"}],"replies":[{"embeddable":true,"href":"https:\/\/diarioregionaldigital.com.br\/index.php?rest_route=%2Fwp%2Fv2%2Fcomments&post=220122"}],"version-history":[{"count":1,"href":"https:\/\/diarioregionaldigital.com.br\/index.php?rest_route=\/wp\/v2\/posts\/220122\/revisions"}],"predecessor-version":[{"id":220124,"href":"https:\/\/diarioregionaldigital.com.br\/index.php?rest_route=\/wp\/v2\/posts\/220122\/revisions\/220124"}],"wp:featuredmedia":[{"embeddable":true,"href":"https:\/\/diarioregionaldigital.com.br\/index.php?rest_route=\/wp\/v2\/media\/220123"}],"wp:attachment":[{"href":"https:\/\/diarioregionaldigital.com.br\/index.php?rest_route=%2Fwp%2Fv2%2Fmedia&parent=220122"}],"wp:term":[{"taxonomy":"category","embeddable":true,"href":"https:\/\/diarioregionaldigital.com.br\/index.php?rest_route=%2Fwp%2Fv2%2Fcategories&post=220122"},{"taxonomy":"post_tag","embeddable":true,"href":"https:\/\/diarioregionaldigital.com.br\/index.php?rest_route=%2Fwp%2Fv2%2Ftags&post=220122"}],"curies":[{"name":"wp","href":"https:\/\/api.w.org\/{rel}","templated":true}]}}